{"id":8711,"date":"2025-08-25T13:26:26","date_gmt":"2025-08-25T18:26:26","guid":{"rendered":"https:\/\/www.kenoshafuneralhome.com\/?p=8711"},"modified":"2025-08-25T13:51:31","modified_gmt":"2025-08-25T18:51:31","slug":"centro-de-atencion-pat-ryan","status":"publish","type":"post","link":"https:\/\/www.kenoshafuneralhome.com\/es\/2025\/08\/25\/pat-ryan-spotlight\/","title":{"rendered":"Una mirada m\u00e1s cercana a c\u00f3mo Pat Ryan apoya a las familias con atenci\u00f3n y compasi\u00f3n en Piasecki Funeral Home"},"content":{"rendered":"<p><div class=\"fusion-fullwidth fullwidth-box fusion-builder-row-1 fusion-flex-container has-pattern-background has-mask-background nonhundred-percent-fullwidth non-hundred-percent-height-scrolling\" style=\"--awb-border-radius-top-left:0px;--awb-border-radius-top-right:0px;--awb-border-radius-bottom-right:0px;--awb-border-radius-bottom-left:0px;--awb-flex-wrap:wrap;\" ><div class=\"fusion-builder-row fusion-row fusion-flex-align-items-flex-start fusion-flex-content-wrap\" style=\"max-width:1248px;margin-left: calc(-4% \/ 2 );margin-right: calc(-4% \/ 2 );\"><div class=\"fusion-layout-column fusion_builder_column fusion-builder-column-0 fusion_builder_column_1_1 1_1 fusion-flex-column\" style=\"--awb-bg-size:cover;--awb-width-large:100%;--awb-margin-top-large:0px;--awb-spacing-right-large:1.92%;--awb-margin-bottom-large:20px;--awb-spacing-left-large:1.92%;--awb-width-medium:100%;--awb-order-medium:0;--awb-spacing-right-medium:1.92%;--awb-spacing-left-medium:1.92%;--awb-width-small:100%;--awb-order-small:0;--awb-spacing-right-small:1.92%;--awb-spacing-left-small:1.92%;\"><div class=\"fusion-column-wrapper fusion-column-has-shadow fusion-flex-justify-content-flex-start fusion-content-layout-column\"><div class=\"fusion-text fusion-text-1\" style=\"--awb-margin-top:45px;\"><h2><span style=\"font-weight: 400;\">Encontrar la plenitud en el servicio<\/span><\/h2>\n<p><span style=\"font-weight: 400;\">Para Pat Ryan, trabajar en Piasecki Funeral Home se ha convertido en algo m\u00e1s que un trabajo. Es una vocaci\u00f3n arraigada en el servicio, la compasi\u00f3n y la conexi\u00f3n. Despu\u00e9s de m\u00e1s de tres a\u00f1os en el equipo, Pat reflexiona sobre su camino en el servicio funerario, las relaciones que ha construido, y la importancia de apoyar a las familias durante uno de los momentos m\u00e1s dif\u00edciles de la vida.<\/span><\/p>\n<\/div><\/div><\/div><\/div><\/div><div class=\"fusion-fullwidth fullwidth-box fusion-builder-row-2 fusion-flex-container has-pattern-background has-mask-background nonhundred-percent-fullwidth non-hundred-percent-height-scrolling\" style=\"--awb-border-radius-top-left:0px;--awb-border-radius-top-right:0px;--awb-border-radius-bottom-right:0px;--awb-border-radius-bottom-left:0px;--awb-flex-wrap:wrap;\" ><div class=\"fusion-builder-row fusion-row fusion-flex-align-items-center fusion-flex-justify-content-center fusion-flex-content-wrap\" style=\"max-width:1248px;margin-left: calc(-4% \/ 2 );margin-right: calc(-4% \/ 2 );\"><div class=\"fusion-layout-column fusion_builder_column fusion-builder-column-1 fusion_builder_column_1_3 1_3 fusion-flex-column\" style=\"--awb-bg-size:cover;--awb-width-large:33.333333333333%;--awb-margin-top-large:0px;--awb-spacing-right-large:5.76%;--awb-margin-bottom-large:20px;--awb-spacing-left-large:5.76%;--awb-width-medium:100%;--awb-order-medium:0;--awb-spacing-right-medium:1.92%;--awb-spacing-left-medium:1.92%;--awb-width-small:100%;--awb-order-small:0;--awb-spacing-right-small:1.92%;--awb-spacing-left-small:1.92%;\"><div class=\"fusion-column-wrapper fusion-column-has-shadow fusion-flex-justify-content-flex-start fusion-content-layout-column\"><div class=\"fusion-image-element\" style=\"text-align:center;--awb-aspect-ratio:1 \/ 1;--awb-object-position:48% 38%;--awb-max-width:320px;--awb-caption-title-font-family:var(--h2_typography-font-family);--awb-caption-title-font-weight:var(--h2_typography-font-weight);--awb-caption-title-font-style:var(--h2_typography-font-style);--awb-caption-title-size:var(--h2_typography-font-size);--awb-caption-title-transform:var(--h2_typography-text-transform);--awb-caption-title-line-height:var(--h2_typography-line-height);--awb-caption-title-letter-spacing:var(--h2_typography-letter-spacing);\"><div style=\"display:inline-block;width:320px;\"><span class=\"fusion-imageframe imageframe-none imageframe-1 hover-type-none has-aspect-ratio\" style=\"border:6px solid var(--awb-color8);border-radius:50%;\"><img decoding=\"async\" width=\"2398\" height=\"1600\" alt=\"Pat Ryan Y Lynda Times Square\" title=\"Pat Ryan Y Lynda Times Square\" src=\"https:\/\/www.kenoshafuneralhome.com\/wp-content\/uploads\/2025\/08\/Pat-Ryan_and-Lynda-Times-Square.jpg\" class=\"img-responsive wp-image-8715 img-with-aspect-ratio\" data-parent-fit=\"cover\" data-parent-container=\".fusion-image-element\" srcset=\"https:\/\/www.kenoshafuneralhome.com\/wp-content\/uploads\/2025\/08\/Pat-Ryan_and-Lynda-Times-Square-200x133.jpg 200w, https:\/\/www.kenoshafuneralhome.com\/wp-content\/uploads\/2025\/08\/Pat-Ryan_and-Lynda-Times-Square-400x267.jpg 400w, https:\/\/www.kenoshafuneralhome.com\/wp-content\/uploads\/2025\/08\/Pat-Ryan_and-Lynda-Times-Square-600x400.jpg 600w, https:\/\/www.kenoshafuneralhome.com\/wp-content\/uploads\/2025\/08\/Pat-Ryan_and-Lynda-Times-Square-800x534.jpg 800w, https:\/\/www.kenoshafuneralhome.com\/wp-content\/uploads\/2025\/08\/Pat-Ryan_and-Lynda-Times-Square-1200x801.jpg 1200w, https:\/\/www.kenoshafuneralhome.com\/wp-content\/uploads\/2025\/08\/Pat-Ryan_and-Lynda-Times-Square.jpg 2398w\" sizes=\"(max-width: 1024px) 100vw, (max-width: 640px) 100vw, 400px\" \/><\/span><\/div><\/div><div class=\"fusion-text fusion-text-2\" style=\"--awb-text-color:var(--awb-color5);--awb-margin-top:15px;\"><p style=\"text-align: center;\"><em>Pat con su esposa Lynda en Times Square<\/em><\/p>\n<\/div><\/div><\/div><div class=\"fusion-layout-column fusion_builder_column fusion-builder-column-2 fusion_builder_column_2_3 2_3 fusion-flex-column\" style=\"--awb-bg-size:cover;--awb-width-large:66.666666666667%;--awb-margin-top-large:0px;--awb-spacing-right-large:2.88%;--awb-margin-bottom-large:20px;--awb-spacing-left-large:2.88%;--awb-width-medium:100%;--awb-order-medium:0;--awb-spacing-right-medium:1.92%;--awb-spacing-left-medium:1.92%;--awb-width-small:100%;--awb-order-small:0;--awb-spacing-right-small:1.92%;--awb-spacing-left-small:1.92%;\"><div class=\"fusion-column-wrapper fusion-column-has-shadow fusion-flex-justify-content-flex-start fusion-content-layout-column\"><div class=\"fusion-text fusion-text-3\"><h5>De bomberos a funerarios<\/h5>\n<p><span style=\"font-weight: 400;\">El viaje de Pat a Piasecki comenz\u00f3 cuando se present\u00f3 la oportunidad de unirse al equipo. \"Cuando me propusieron trabajar all\u00ed, me pareci\u00f3 interesante\", recuerda. \"A trav\u00e9s de mi trabajo con el Departamento de Bomberos de Kenosha, ya estaba trabajando con el p\u00fablico, y me imagin\u00e9 que esto ser\u00eda una manera de continuar que en una capacidad diferente. Decid\u00ed probar y ver qu\u00e9 tal funcionaba, y a d\u00eda de hoy sigo disfrutando con ello. Ha sido gratificante\".<\/span><\/p>\n<p><span style=\"font-weight: 400;\">En los \u00faltimos tres a\u00f1os y medio, Pat ha tenido la oportunidad de reencontrarse con gente de la comunidad, aunque esos reencuentros se produzcan a menudo en circunstancias tristes. \"Es estupendo ver a mucha gente a la que hac\u00eda mucho tiempo que no ve\u00eda\", dice. \"S\u00ed, es en un funeral, pero sigues conectando con la gente\".<\/span><\/p>\n<\/div><\/div><\/div><\/div><\/div><div class=\"fusion-fullwidth fullwidth-box fusion-builder-row-3 fusion-flex-container has-pattern-background has-mask-background nonhundred-percent-fullwidth non-hundred-percent-height-scrolling\" style=\"--awb-border-radius-top-left:0px;--awb-border-radius-top-right:0px;--awb-border-radius-bottom-right:0px;--awb-border-radius-bottom-left:0px;--awb-padding-top:35px;--awb-padding-bottom:35px;--awb-flex-wrap:wrap;\" ><div class=\"fusion-builder-row fusion-row fusion-flex-align-items-center fusion-flex-justify-content-center fusion-flex-content-wrap\" style=\"max-width:1248px;margin-left: calc(-4% \/ 2 );margin-right: calc(-4% \/ 2 );\"><div class=\"fusion-layout-column fusion_builder_column fusion-builder-column-3 fusion_builder_column_2_3 2_3 fusion-flex-column\" style=\"--awb-bg-size:cover;--awb-width-large:66.666666666667%;--awb-margin-top-large:0px;--awb-spacing-right-large:2.88%;--awb-margin-bottom-large:20px;--awb-spacing-left-large:2.88%;--awb-width-medium:100%;--awb-order-medium:0;--awb-spacing-right-medium:1.92%;--awb-spacing-left-medium:1.92%;--awb-width-small:100%;--awb-order-small:0;--awb-spacing-right-small:1.92%;--awb-spacing-left-small:1.92%;\"><div class=\"fusion-column-wrapper fusion-column-has-shadow fusion-flex-justify-content-flex-start fusion-content-layout-column\"><div class=\"fusion-text fusion-text-4\"><h5>Apoyar a las familias con compasi\u00f3n<\/h5>\n<p><span style=\"font-weight: 400;\">Trabajar con las familias en sus momentos m\u00e1s dif\u00edciles puede ser un reto, pero para Pat tambi\u00e9n es donde se producen los momentos m\u00e1s gratificantes. \"Cuando llegan las familias, intentamos que se sientan c\u00f3modas y bienvenidas\", explica. \"Tratamos con una familia cada vez, y cuando salen de aqu\u00ed sabiendo que les hemos cuidado bien, eso es lo que hace que todo merezca la pena\".<\/span><\/p>\n<p><span style=\"font-weight: 400;\">Pat no cree que exista un enfoque \u00fanico para ayudar a las familias. \"Cada familia es diferente\", dice. \"Cuando las conoces, las vas tanteando. Algunas quieren hablar y otras que las dejen en paz. Tu instinto entra en acci\u00f3n y a partir de ah\u00ed empiezas\".<\/span><\/p>\n<\/div><\/div><\/div><div class=\"fusion-layout-column fusion_builder_column fusion-builder-column-4 fusion_builder_column_1_3 1_3 fusion-flex-column\" style=\"--awb-bg-size:cover;--awb-width-large:33.333333333333%;--awb-margin-top-large:0px;--awb-spacing-right-large:5.76%;--awb-margin-bottom-large:20px;--awb-spacing-left-large:5.76%;--awb-width-medium:100%;--awb-order-medium:0;--awb-spacing-right-medium:1.92%;--awb-spacing-left-medium:1.92%;--awb-width-small:100%;--awb-order-small:0;--awb-spacing-right-small:1.92%;--awb-spacing-left-small:1.92%;\"><div class=\"fusion-column-wrapper fusion-column-has-shadow fusion-flex-justify-content-flex-start fusion-content-layout-column\"><div class=\"fusion-image-element\" style=\"text-align:center;--awb-aspect-ratio:1 \/ 1;--awb-object-position:46% 47%;--awb-max-width:320px;--awb-caption-title-font-family:var(--h2_typography-font-family);--awb-caption-title-font-weight:var(--h2_typography-font-weight);--awb-caption-title-font-style:var(--h2_typography-font-style);--awb-caption-title-size:var(--h2_typography-font-size);--awb-caption-title-transform:var(--h2_typography-text-transform);--awb-caption-title-line-height:var(--h2_typography-line-height);--awb-caption-title-letter-spacing:var(--h2_typography-letter-spacing);\"><div style=\"display:inline-block;width:320px;\"><span class=\"fusion-imageframe imageframe-none imageframe-2 hover-type-none has-aspect-ratio\" style=\"border:6px solid var(--awb-color8);border-radius:50%;\"><img decoding=\"async\" width=\"2133\" height=\"1600\" alt=\"Pat Ryan Nietos\" title=\"Pat Ryan Nietos\" src=\"https:\/\/www.kenoshafuneralhome.com\/wp-content\/uploads\/2025\/08\/Pat-Ryan_Grandchildren.jpg\" class=\"img-responsive wp-image-8717 img-with-aspect-ratio\" data-parent-fit=\"cover\" data-parent-container=\".fusion-image-element\" srcset=\"https:\/\/www.kenoshafuneralhome.com\/wp-content\/uploads\/2025\/08\/Pat-Ryan_Grandchildren-200x150.jpg 200w, https:\/\/www.kenoshafuneralhome.com\/wp-content\/uploads\/2025\/08\/Pat-Ryan_Grandchildren-400x300.jpg 400w, https:\/\/www.kenoshafuneralhome.com\/wp-content\/uploads\/2025\/08\/Pat-Ryan_Grandchildren-600x450.jpg 600w, https:\/\/www.kenoshafuneralhome.com\/wp-content\/uploads\/2025\/08\/Pat-Ryan_Grandchildren-800x600.jpg 800w, https:\/\/www.kenoshafuneralhome.com\/wp-content\/uploads\/2025\/08\/Pat-Ryan_Grandchildren-1200x900.jpg 1200w, https:\/\/www.kenoshafuneralhome.com\/wp-content\/uploads\/2025\/08\/Pat-Ryan_Grandchildren.jpg 2133w\" sizes=\"(max-width: 1024px) 100vw, (max-width: 640px) 100vw, 400px\" \/><\/span><\/div><\/div><div class=\"fusion-text fusion-text-5\" style=\"--awb-text-color:var(--awb-color5);--awb-margin-top:15px;--awb-margin-right:25px;--awb-margin-left:25px;\"><p style=\"text-align: center;\"><em>Nietos de Pat<\/em><\/p>\n<\/div><\/div><\/div><\/div><\/div><div class=\"fusion-fullwidth fullwidth-box fusion-builder-row-4 fusion-flex-container has-pattern-background has-mask-background nonhundred-percent-fullwidth non-hundred-percent-height-scrolling\" style=\"--awb-border-radius-top-left:0px;--awb-border-radius-top-right:0px;--awb-border-radius-bottom-right:0px;--awb-border-radius-bottom-left:0px;--awb-flex-wrap:wrap;\" ><div class=\"fusion-builder-row fusion-row fusion-flex-align-items-center fusion-flex-justify-content-center fusion-flex-content-wrap\" style=\"max-width:1248px;margin-left: calc(-4% \/ 2 );margin-right: calc(-4% \/ 2 );\"><div class=\"fusion-layout-column fusion_builder_column fusion-builder-column-5 fusion_builder_column_1_3 1_3 fusion-flex-column\" style=\"--awb-bg-size:cover;--awb-width-large:33.333333333333%;--awb-margin-top-large:0px;--awb-spacing-right-large:5.76%;--awb-margin-bottom-large:20px;--awb-spacing-left-large:5.76%;--awb-width-medium:100%;--awb-order-medium:0;--awb-spacing-right-medium:1.92%;--awb-spacing-left-medium:1.92%;--awb-width-small:100%;--awb-order-small:0;--awb-spacing-right-small:1.92%;--awb-spacing-left-small:1.92%;\"><div class=\"fusion-column-wrapper fusion-column-has-shadow fusion-flex-justify-content-flex-start fusion-content-layout-column\"><div class=\"fusion-image-element\" style=\"text-align:center;--awb-aspect-ratio:1 \/ 1;--awb-object-position:49% 35%;--awb-max-width:320px;--awb-caption-title-font-family:var(--h2_typography-font-family);--awb-caption-title-font-weight:var(--h2_typography-font-weight);--awb-caption-title-font-style:var(--h2_typography-font-style);--awb-caption-title-size:var(--h2_typography-font-size);--awb-caption-title-transform:var(--h2_typography-text-transform);--awb-caption-title-line-height:var(--h2_typography-line-height);--awb-caption-title-letter-spacing:var(--h2_typography-letter-spacing);\"><div style=\"display:inline-block;width:320px;\"><span class=\"fusion-imageframe imageframe-none imageframe-3 hover-type-none has-aspect-ratio\" style=\"border:6px solid var(--awb-color8);border-radius:50%;\"><img decoding=\"async\" width=\"1920\" height=\"2560\" alt=\"Pat Ryan en bicicleta por M\u00e9xico\" title=\"Pat Ryan en bicicleta por M\u00e9xico\" src=\"https:\/\/www.kenoshafuneralhome.com\/wp-content\/uploads\/2025\/08\/Pat-Ryan_Bike-Riding-in-Mexico-scaled.jpg\" class=\"img-responsive wp-image-8716 img-with-aspect-ratio\" data-parent-fit=\"cover\" data-parent-container=\".fusion-image-element\" srcset=\"https:\/\/www.kenoshafuneralhome.com\/wp-content\/uploads\/2025\/08\/Pat-Ryan_Bike-Riding-in-Mexico-225x300.jpg 225w, https:\/\/www.kenoshafuneralhome.com\/wp-content\/uploads\/2025\/08\/Pat-Ryan_Bike-Riding-in-Mexico-scaled.jpg 1920w\" sizes=\"(max-width: 1920px) 100vw, 1920px\" \/><\/span><\/div><\/div><div class=\"fusion-text fusion-text-6\" style=\"--awb-text-color:var(--awb-color5);--awb-margin-top:15px;\"><p style=\"text-align: center;\"><em>Pat en bicicleta por M\u00e9xico<\/em><\/p>\n<\/div><\/div><\/div><div class=\"fusion-layout-column fusion_builder_column fusion-builder-column-6 fusion_builder_column_2_3 2_3 fusion-flex-column\" style=\"--awb-bg-size:cover;--awb-width-large:66.666666666667%;--awb-margin-top-large:0px;--awb-spacing-right-large:2.88%;--awb-margin-bottom-large:20px;--awb-spacing-left-large:2.88%;--awb-width-medium:100%;--awb-order-medium:0;--awb-spacing-right-medium:1.92%;--awb-spacing-left-medium:1.92%;--awb-width-small:100%;--awb-order-small:0;--awb-spacing-right-small:1.92%;--awb-spacing-left-small:1.92%;\"><div class=\"fusion-column-wrapper fusion-column-has-shadow fusion-flex-justify-content-flex-start fusion-content-layout-column\"><div class=\"fusion-text fusion-text-7\"><h5>Encontrar el equilibrio fuera del trabajo<\/h5>\n<p><span style=\"font-weight: 400;\">Trabajar en un campo que a menudo se enfrenta al dolor requiere equilibrio y resistencia. Para Pat, mantenerse activo es una parte importante de ese equilibrio. \"Me mantengo f\u00edsicamente activo. El ejercicio diario me despeja la cabeza\", dice. \"Por las ma\u00f1anas hago una ruta en bicicleta de unos 30 km que me lleva junto al lago Michigan y el puerto de Kenosha. Es un buen entrenamiento, de una hora y cuarto\".<\/span><\/p>\n<p><span style=\"font-weight: 400;\">Fuera de su rutina de ejercicios, a Pat le gusta pasar tiempo con Lynda, su mujer desde hace 35 a\u00f1os, sus tres nietos de 13, 8 y 6 a\u00f1os y su hijastra. \"Visitamos a los nietos a menudo, viajamos un poco, cuidamos de nuestra casa y nos mantenemos ocupados\", dice. \"Y de vez en cuando, no nos importa sentarnos y tomarnos un descanso\".<\/span><\/p>\n<\/div><\/div><\/div><\/div><\/div><div class=\"fusion-fullwidth fullwidth-box fusion-builder-row-5 fusion-flex-container has-pattern-background has-mask-background nonhundred-percent-fullwidth non-hundred-percent-height-scrolling\" style=\"--awb-border-radius-top-left:0px;--awb-border-radius-top-right:0px;--awb-border-radius-bottom-right:0px;--awb-border-radius-bottom-left:0px;--awb-margin-top:25px;--awb-flex-wrap:wrap;\" ><div class=\"fusion-builder-row fusion-row fusion-flex-align-items-center fusion-flex-justify-content-center fusion-flex-content-wrap\" style=\"max-width:1248px;margin-left: calc(-4% \/ 2 );margin-right: calc(-4% \/ 2 );\"><div class=\"fusion-layout-column fusion_builder_column fusion-builder-column-7 fusion_builder_column_1_1 1_1 fusion-flex-column\" style=\"--awb-bg-size:cover;--awb-width-large:100%;--awb-margin-top-large:0px;--awb-spacing-right-large:1.92%;--awb-margin-bottom-large:20px;--awb-spacing-left-large:1.92%;--awb-width-medium:100%;--awb-order-medium:0;--awb-spacing-right-medium:1.92%;--awb-spacing-left-medium:1.92%;--awb-width-small:100%;--awb-order-small:0;--awb-spacing-right-small:1.92%;--awb-spacing-left-small:1.92%;\"><div class=\"fusion-column-wrapper fusion-column-has-shadow fusion-flex-justify-content-flex-start fusion-content-layout-column\"><div class=\"fusion-text fusion-text-8\"><h5>La importancia de la planificaci\u00f3n previa<\/h5>\n<p><span style=\"font-weight: 400;\">Una de las lecciones clave que Pat ha aprendido en su trabajo en Piasecki es el valor de <\/span><a href=\"https:\/\/www.kenoshafuneralhome.com\/es\/servicios\/planificacion-avanzada\/\"><span style=\"font-weight: 400;\">planificaci\u00f3n funeraria<\/span><\/a><span style=\"font-weight: 400;\">. \u00c9l y su mujer dieron ese paso tras ver lo mucho que facilit\u00f3 el proceso a sus padres. \"No ten\u00edamos nada planeado hasta que mis padres fallecieron, y ellos ya ten\u00edan todos sus planes\", explica. \"Eso nos hizo empezar con nuestra propia planificaci\u00f3n previa. Si lo hubiera pensado antes, lo habr\u00eda hecho hace muchos a\u00f1os. Quita mucha presi\u00f3n y estr\u00e9s a la familia\".<\/span><\/p>\n<p><span style=\"font-weight: 400;\">Pat anima a los dem\u00e1s a considerar tambi\u00e9n la planificaci\u00f3n previa. \"Si te lo est\u00e1s pensando, al menos investiga un poco\", aconseja. \"Ocuparse de esos detalles con antelaci\u00f3n facilita las cosas a tus seres queridos\".<\/span><\/p>\n<\/div><\/div><\/div><div class=\"fusion-layout-column fusion_builder_column fusion-builder-column-8 fusion_builder_column_1_1 1_1 fusion-flex-column\" style=\"--awb-bg-size:cover;--awb-width-large:100%;--awb-margin-top-large:0px;--awb-spacing-right-large:1.92%;--awb-margin-bottom-large:20px;--awb-spacing-left-large:1.92%;--awb-width-medium:100%;--awb-order-medium:0;--awb-spacing-right-medium:1.92%;--awb-spacing-left-medium:1.92%;--awb-width-small:100%;--awb-order-small:0;--awb-spacing-right-small:1.92%;--awb-spacing-left-small:1.92%;\"><div class=\"fusion-column-wrapper fusion-column-has-shadow fusion-flex-justify-content-flex-start fusion-content-layout-column\"><\/div><\/div><\/div><\/div><div class=\"fusion-fullwidth fullwidth-box fusion-builder-row-6 fusion-flex-container has-pattern-background has-mask-background nonhundred-percent-fullwidth non-hundred-percent-height-scrolling\" style=\"--awb-border-radius-top-left:0px;--awb-border-radius-top-right:0px;--awb-border-radius-bottom-right:0px;--awb-border-radius-bottom-left:0px;--awb-background-color:var(--awb-color2);--awb-flex-wrap:wrap;\" ><div class=\"fusion-builder-row fusion-row fusion-flex-align-items-center fusion-flex-justify-content-center fusion-flex-content-wrap\" style=\"max-width:1248px;margin-left: calc(-4% \/ 2 );margin-right: calc(-4% \/ 2 );\"><div class=\"fusion-layout-column fusion_builder_column fusion-builder-column-9 fusion_builder_column_1_1 1_1 fusion-flex-column\" style=\"--awb-bg-size:cover;--awb-width-large:100%;--awb-margin-top-large:0px;--awb-spacing-right-large:1.92%;--awb-margin-bottom-large:20px;--awb-spacing-left-large:1.92%;--awb-width-medium:100%;--awb-order-medium:0;--awb-spacing-right-medium:1.92%;--awb-spacing-left-medium:1.92%;--awb-width-small:100%;--awb-order-small:0;--awb-spacing-right-small:1.92%;--awb-spacing-left-small:1.92%;\"><div class=\"fusion-column-wrapper fusion-column-has-shadow fusion-flex-justify-content-flex-start fusion-content-layout-column\"><div class=\"fusion-text fusion-text-9\"><h3>Un equipo que marca la diferencia<\/h3>\n<p><span style=\"font-weight: 400;\">Para Pat, la gente de Piasecki es lo que hace que su trabajo sea a\u00fan m\u00e1s significativo. \"Es un gran equipo\", dice. \"Todos nos llevamos bien, trabajamos bien juntos y todos trabajamos duro. Eso no se encuentra muy a menudo. Matt es un gran jefe y un gran equipo\".<\/span><\/p>\n<p><span style=\"font-weight: 400;\">La vocaci\u00f3n de servicio de Pat Ryan, tanto en su anterior carrera como bombero como ahora en el sector funerario, refleja su compromiso de ayudar a los dem\u00e1s en momentos de necesidad. Para \u00e9l, el trabajo no consiste s\u00f3lo en gestionar los preparativos. Se trata de crear una sensaci\u00f3n de confort y confianza para las familias cuando m\u00e1s lo necesitan.<\/span><\/p>\n<\/div><\/div><\/div><\/div><\/div><div class=\"fusion-fullwidth fullwidth-box fusion-builder-row-7 fusion-flex-container has-pattern-background has-mask-background nonhundred-percent-fullwidth non-hundred-percent-height-scrolling\" style=\"--awb-border-radius-top-left:0px;--awb-border-radius-top-right:0px;--awb-border-radius-bottom-right:0px;--awb-border-radius-bottom-left:0px;--awb-margin-top:25px;--awb-flex-wrap:wrap;\" ><div class=\"fusion-builder-row fusion-row fusion-flex-align-items-center fusion-flex-justify-content-center fusion-flex-content-wrap\" style=\"max-width:1248px;margin-left: calc(-4% \/ 2 );margin-right: calc(-4% \/ 2 );\"><div class=\"fusion-layout-column fusion_builder_column fusion-builder-column-10 fusion_builder_column_1_1 1_1 fusion-flex-column\" style=\"--awb-bg-size:cover;--awb-width-large:100%;--awb-margin-top-large:0px;--awb-spacing-right-large:1.92%;--awb-margin-bottom-large:20px;--awb-spacing-left-large:1.92%;--awb-width-medium:100%;--awb-order-medium:0;--awb-spacing-right-medium:1.92%;--awb-spacing-left-medium:1.92%;--awb-width-small:100%;--awb-order-small:0;--awb-spacing-right-small:1.92%;--awb-spacing-left-small:1.92%;\"><div class=\"fusion-column-wrapper fusion-column-has-shadow fusion-flex-justify-content-flex-start fusion-content-layout-column\"><div class=\"fusion-separator fusion-full-width-sep\" style=\"align-self: center;margin-left: auto;margin-right: auto;margin-top:25px;margin-bottom:25px;width:100%;\"><div class=\"fusion-separator-border sep-single sep-solid\" style=\"--awb-height:20px;--awb-amount:20px;border-color:#e0dede;border-top-width:1px;\"><\/div><\/div><\/div><\/div><\/div><\/div><\/p>","protected":false},"excerpt":{"rendered":"<p>Para Pat Ryan, trabajar en Piasecki Funeral Home se ha convertido en algo m\u00e1s que un trabajo. Es una vocaci\u00f3n arraigada en el servicio, la compasi\u00f3n y la conexi\u00f3n. Despu\u00e9s de m\u00e1s de tres a\u00f1os en el equipo, Pat reflexiona sobre su camino en el servicio funerario, las relaciones que ha construido, y la importancia de apoyar a las familias durante uno de los momentos m\u00e1s dif\u00edciles de la vida.<\/p>","protected":false},"author":9,"featured_media":8728,"comment_status":"closed","ping_status":"closed","sticky":false,"template":"","format":"standard","meta":{"_acf_changed":false,"footnotes":""},"categories":[1],"tags":[],"class_list":["post-8711","post","type-post","status-publish","format-standard","has-post-thumbnail","hentry","category-uncategorized"],"acf":[],"yoast_head":"<!-- This site is optimized with the Yoast SEO plugin v27.2 - https:\/\/yoast.com\/product\/yoast-seo-wordpress\/ -->\n<title>A Closer Look at How Pat Ryan Supports Families with Care and Compassion at Piasecki Funeral Home<\/title>\n<meta name=\"description\" content=\"Meet Pat Ryan of Piasecki Funeral Home. Learn how he helps families with compassion, values preplanning, and finds balance in life and work.\" \/>\n<meta name=\"robots\" content=\"index, follow, max-snippet:-1, max-image-preview:large, max-video-preview:-1\" \/>\n<link rel=\"canonical\" href=\"https:\/\/www.kenoshafuneralhome.com\/es\/2025\/08\/25\/centro-de-atencion-pat-ryan\/\" \/>\n<meta property=\"og:locale\" content=\"es_MX\" \/>\n<meta property=\"og:type\" content=\"article\" \/>\n<meta property=\"og:title\" content=\"A Closer Look at How Pat Ryan Supports Families with Care and Compassion at Piasecki Funeral Home\" \/>\n<meta property=\"og:description\" content=\"Meet Pat Ryan of Piasecki Funeral Home. Learn how he helps families with compassion, values preplanning, and finds balance in life and work.\" \/>\n<meta property=\"og:url\" content=\"https:\/\/www.kenoshafuneralhome.com\/es\/2025\/08\/25\/centro-de-atencion-pat-ryan\/\" \/>\n<meta property=\"og:site_name\" content=\"Piasecki Funeral Home\" \/>\n<meta property=\"article:publisher\" content=\"https:\/\/www.facebook.com\/PAFuneralHome\/?fref=ts\" \/>\n<meta property=\"article:published_time\" content=\"2025-08-25T18:26:26+00:00\" \/>\n<meta property=\"article:modified_time\" content=\"2025-08-25T18:51:31+00:00\" \/>\n<meta property=\"og:image\" content=\"https:\/\/www.kenoshafuneralhome.com\/wp-content\/uploads\/2025\/08\/Piasecki_PatRyan_Spotlight_0825252-scaled.png\" \/>\n\t<meta property=\"og:image:width\" content=\"2560\" \/>\n\t<meta property=\"og:image:height\" content=\"1440\" \/>\n\t<meta property=\"og:image:type\" content=\"image\/png\" \/>\n<meta name=\"author\" content=\"Piasecki Funeral Home\" \/>\n<meta name=\"twitter:label1\" content=\"Escrito por\" \/>\n\t<meta name=\"twitter:data1\" content=\"Piasecki Funeral Home\" \/>\n\t<meta name=\"twitter:label2\" content=\"Tiempo de lectura\" \/>\n\t<meta name=\"twitter:data2\" content=\"5 minutos\" \/>\n<script type=\"application\/ld+json\" class=\"yoast-schema-graph\">{\"@context\":\"https:\/\/schema.org\",\"@graph\":[{\"@type\":\"Article\",\"@id\":\"https:\/\/www.kenoshafuneralhome.com\/2025\/08\/25\/pat-ryan-spotlight\/#article\",\"isPartOf\":{\"@id\":\"https:\/\/www.kenoshafuneralhome.com\/2025\/08\/25\/pat-ryan-spotlight\/\"},\"author\":{\"name\":\"Piasecki Funeral Home\",\"@id\":\"https:\/\/www.kenoshafuneralhome.com\/#\/schema\/person\/644d1e57f3e9258a945a3234a212e78f\"},\"headline\":\"A Closer Look at How Pat Ryan Supports Families with Care and Compassion at Piasecki Funeral Home\",\"datePublished\":\"2025-08-25T18:26:26+00:00\",\"dateModified\":\"2025-08-25T18:51:31+00:00\",\"mainEntityOfPage\":{\"@id\":\"https:\/\/www.kenoshafuneralhome.com\/2025\/08\/25\/pat-ryan-spotlight\/\"},\"wordCount\":7302,\"publisher\":{\"@id\":\"https:\/\/www.kenoshafuneralhome.com\/#organization\"},\"image\":{\"@id\":\"https:\/\/www.kenoshafuneralhome.com\/2025\/08\/25\/pat-ryan-spotlight\/#primaryimage\"},\"thumbnailUrl\":\"https:\/\/www.kenoshafuneralhome.com\/wp-content\/uploads\/2025\/08\/Piasecki_PatRyan_Spotlight_082525-scaled.png\",\"articleSection\":[\"Uncategorized\"],\"inLanguage\":\"es\"},{\"@type\":\"WebPage\",\"@id\":\"https:\/\/www.kenoshafuneralhome.com\/2025\/08\/25\/pat-ryan-spotlight\/\",\"url\":\"https:\/\/www.kenoshafuneralhome.com\/2025\/08\/25\/pat-ryan-spotlight\/\",\"name\":\"A Closer Look at How Pat Ryan Supports Families with Care and Compassion at Piasecki Funeral Home\",\"isPartOf\":{\"@id\":\"https:\/\/www.kenoshafuneralhome.com\/#website\"},\"primaryImageOfPage\":{\"@id\":\"https:\/\/www.kenoshafuneralhome.com\/2025\/08\/25\/pat-ryan-spotlight\/#primaryimage\"},\"image\":{\"@id\":\"https:\/\/www.kenoshafuneralhome.com\/2025\/08\/25\/pat-ryan-spotlight\/#primaryimage\"},\"thumbnailUrl\":\"https:\/\/www.kenoshafuneralhome.com\/wp-content\/uploads\/2025\/08\/Piasecki_PatRyan_Spotlight_082525-scaled.png\",\"datePublished\":\"2025-08-25T18:26:26+00:00\",\"dateModified\":\"2025-08-25T18:51:31+00:00\",\"description\":\"Meet Pat Ryan of Piasecki Funeral Home. Learn how he helps families with compassion, values preplanning, and finds balance in life and work.\",\"breadcrumb\":{\"@id\":\"https:\/\/www.kenoshafuneralhome.com\/2025\/08\/25\/pat-ryan-spotlight\/#breadcrumb\"},\"inLanguage\":\"es\",\"potentialAction\":[{\"@type\":\"ReadAction\",\"target\":[\"https:\/\/www.kenoshafuneralhome.com\/2025\/08\/25\/pat-ryan-spotlight\/\"]}]},{\"@type\":\"ImageObject\",\"inLanguage\":\"es\",\"@id\":\"https:\/\/www.kenoshafuneralhome.com\/2025\/08\/25\/pat-ryan-spotlight\/#primaryimage\",\"url\":\"https:\/\/www.kenoshafuneralhome.com\/wp-content\/uploads\/2025\/08\/Piasecki_PatRyan_Spotlight_082525-scaled.png\",\"contentUrl\":\"https:\/\/www.kenoshafuneralhome.com\/wp-content\/uploads\/2025\/08\/Piasecki_PatRyan_Spotlight_082525-scaled.png\",\"width\":2560,\"height\":922,\"caption\":\"Piasecki Patryan Spotlight 082525\"},{\"@type\":\"BreadcrumbList\",\"@id\":\"https:\/\/www.kenoshafuneralhome.com\/2025\/08\/25\/pat-ryan-spotlight\/#breadcrumb\",\"itemListElement\":[{\"@type\":\"ListItem\",\"position\":1,\"name\":\"Home\",\"item\":\"https:\/\/www.kenoshafuneralhome.com\/\"},{\"@type\":\"ListItem\",\"position\":2,\"name\":\"A Closer Look at How Pat Ryan Supports Families with Care and Compassion at Piasecki Funeral Home\"}]},{\"@type\":\"WebSite\",\"@id\":\"https:\/\/www.kenoshafuneralhome.com\/#website\",\"url\":\"https:\/\/www.kenoshafuneralhome.com\/\",\"name\":\"Piasecki Funeral Home\",\"description\":\"Honoring Legacies Since 1929\",\"publisher\":{\"@id\":\"https:\/\/www.kenoshafuneralhome.com\/#organization\"},\"potentialAction\":[{\"@type\":\"SearchAction\",\"target\":{\"@type\":\"EntryPoint\",\"urlTemplate\":\"https:\/\/www.kenoshafuneralhome.com\/?s={search_term_string}\"},\"query-input\":{\"@type\":\"PropertyValueSpecification\",\"valueRequired\":true,\"valueName\":\"search_term_string\"}}],\"inLanguage\":\"es\"},{\"@type\":\"Organization\",\"@id\":\"https:\/\/www.kenoshafuneralhome.com\/#organization\",\"name\":\"Piasecki Funeral Home\",\"url\":\"https:\/\/www.kenoshafuneralhome.com\/\",\"logo\":{\"@type\":\"ImageObject\",\"inLanguage\":\"es\",\"@id\":\"https:\/\/www.kenoshafuneralhome.com\/#\/schema\/logo\/image\/\",\"url\":\"https:\/\/www.kenoshafuneralhome.com\/wp-content\/uploads\/2022\/01\/90th-Banner-1-jpg.webp\",\"contentUrl\":\"https:\/\/www.kenoshafuneralhome.com\/wp-content\/uploads\/2022\/01\/90th-Banner-1-jpg.webp\",\"width\":1000,\"height\":616,\"caption\":\"Piasecki Funeral Home\"},\"image\":{\"@id\":\"https:\/\/www.kenoshafuneralhome.com\/#\/schema\/logo\/image\/\"},\"sameAs\":[\"https:\/\/www.facebook.com\/PAFuneralHome\/?fref=ts\",\"https:\/\/www.linkedin.com\/company\/piasecki-althaus-funeral-home-&amp;amp;-cremation-services\/\"]},{\"@type\":\"Person\",\"@id\":\"https:\/\/www.kenoshafuneralhome.com\/#\/schema\/person\/644d1e57f3e9258a945a3234a212e78f\",\"name\":\"Piasecki Funeral Home\",\"image\":{\"@type\":\"ImageObject\",\"inLanguage\":\"es\",\"@id\":\"https:\/\/secure.gravatar.com\/avatar\/280f536d1be8061fdfaca7c1c1ffae3440f719346af1b8a72502d7a9f54324b4?s=96&d=mm&r=g\",\"url\":\"https:\/\/secure.gravatar.com\/avatar\/280f536d1be8061fdfaca7c1c1ffae3440f719346af1b8a72502d7a9f54324b4?s=96&d=mm&r=g\",\"contentUrl\":\"https:\/\/secure.gravatar.com\/avatar\/280f536d1be8061fdfaca7c1c1ffae3440f719346af1b8a72502d7a9f54324b4?s=96&d=mm&r=g\",\"caption\":\"Piasecki Funeral Home\"}}]}<\/script>\n<!-- \/ Yoast SEO plugin. -->","yoast_head_json":{"title":"Una mirada m\u00e1s cercana a c\u00f3mo Pat Ryan apoya a las familias con atenci\u00f3n y compasi\u00f3n en Piasecki Funeral Home","description":"Conozca a Pat Ryan de Piasecki Funeral Home. Descubra c\u00f3mo ayuda a las familias con compasi\u00f3n, valora la planificaci\u00f3n previa y encuentra el equilibrio entre la vida y el trabajo.","robots":{"index":"index","follow":"follow","max-snippet":"max-snippet:-1","max-image-preview":"max-image-preview:large","max-video-preview":"max-video-preview:-1"},"canonical":"https:\/\/www.kenoshafuneralhome.com\/es\/2025\/08\/25\/centro-de-atencion-pat-ryan\/","og_locale":"es_MX","og_type":"article","og_title":"A Closer Look at How Pat Ryan Supports Families with Care and Compassion at Piasecki Funeral Home","og_description":"Meet Pat Ryan of Piasecki Funeral Home. Learn how he helps families with compassion, values preplanning, and finds balance in life and work.","og_url":"https:\/\/www.kenoshafuneralhome.com\/es\/2025\/08\/25\/centro-de-atencion-pat-ryan\/","og_site_name":"Piasecki Funeral Home","article_publisher":"https:\/\/www.facebook.com\/PAFuneralHome\/?fref=ts","article_published_time":"2025-08-25T18:26:26+00:00","article_modified_time":"2025-08-25T18:51:31+00:00","og_image":[{"width":2560,"height":1440,"url":"https:\/\/www.kenoshafuneralhome.com\/wp-content\/uploads\/2025\/08\/Piasecki_PatRyan_Spotlight_0825252-scaled.png","type":"image\/png"}],"author":"Piasecki Funeral Home","twitter_misc":{"Escrito por":"Piasecki Funeral Home","Tiempo de lectura":"5 minutos"},"schema":{"@context":"https:\/\/schema.org","@graph":[{"@type":"Article","@id":"https:\/\/www.kenoshafuneralhome.com\/2025\/08\/25\/pat-ryan-spotlight\/#article","isPartOf":{"@id":"https:\/\/www.kenoshafuneralhome.com\/2025\/08\/25\/pat-ryan-spotlight\/"},"author":{"name":"Piasecki Funeral Home","@id":"https:\/\/www.kenoshafuneralhome.com\/#\/schema\/person\/644d1e57f3e9258a945a3234a212e78f"},"headline":"A Closer Look at How Pat Ryan Supports Families with Care and Compassion at Piasecki Funeral Home","datePublished":"2025-08-25T18:26:26+00:00","dateModified":"2025-08-25T18:51:31+00:00","mainEntityOfPage":{"@id":"https:\/\/www.kenoshafuneralhome.com\/2025\/08\/25\/pat-ryan-spotlight\/"},"wordCount":7302,"publisher":{"@id":"https:\/\/www.kenoshafuneralhome.com\/#organization"},"image":{"@id":"https:\/\/www.kenoshafuneralhome.com\/2025\/08\/25\/pat-ryan-spotlight\/#primaryimage"},"thumbnailUrl":"https:\/\/www.kenoshafuneralhome.com\/wp-content\/uploads\/2025\/08\/Piasecki_PatRyan_Spotlight_082525-scaled.png","articleSection":["Uncategorized"],"inLanguage":"es"},{"@type":"WebPage","@id":"https:\/\/www.kenoshafuneralhome.com\/2025\/08\/25\/pat-ryan-spotlight\/","url":"https:\/\/www.kenoshafuneralhome.com\/2025\/08\/25\/pat-ryan-spotlight\/","name":"Una mirada m\u00e1s cercana a c\u00f3mo Pat Ryan apoya a las familias con atenci\u00f3n y compasi\u00f3n en Piasecki Funeral Home","isPartOf":{"@id":"https:\/\/www.kenoshafuneralhome.com\/#website"},"primaryImageOfPage":{"@id":"https:\/\/www.kenoshafuneralhome.com\/2025\/08\/25\/pat-ryan-spotlight\/#primaryimage"},"image":{"@id":"https:\/\/www.kenoshafuneralhome.com\/2025\/08\/25\/pat-ryan-spotlight\/#primaryimage"},"thumbnailUrl":"https:\/\/www.kenoshafuneralhome.com\/wp-content\/uploads\/2025\/08\/Piasecki_PatRyan_Spotlight_082525-scaled.png","datePublished":"2025-08-25T18:26:26+00:00","dateModified":"2025-08-25T18:51:31+00:00","description":"Conozca a Pat Ryan de Piasecki Funeral Home. Descubra c\u00f3mo ayuda a las familias con compasi\u00f3n, valora la planificaci\u00f3n previa y encuentra el equilibrio entre la vida y el trabajo.","breadcrumb":{"@id":"https:\/\/www.kenoshafuneralhome.com\/2025\/08\/25\/pat-ryan-spotlight\/#breadcrumb"},"inLanguage":"es","potentialAction":[{"@type":"ReadAction","target":["https:\/\/www.kenoshafuneralhome.com\/2025\/08\/25\/pat-ryan-spotlight\/"]}]},{"@type":"ImageObject","inLanguage":"es","@id":"https:\/\/www.kenoshafuneralhome.com\/2025\/08\/25\/pat-ryan-spotlight\/#primaryimage","url":"https:\/\/www.kenoshafuneralhome.com\/wp-content\/uploads\/2025\/08\/Piasecki_PatRyan_Spotlight_082525-scaled.png","contentUrl":"https:\/\/www.kenoshafuneralhome.com\/wp-content\/uploads\/2025\/08\/Piasecki_PatRyan_Spotlight_082525-scaled.png","width":2560,"height":922,"caption":"Piasecki Patryan Spotlight 082525"},{"@type":"BreadcrumbList","@id":"https:\/\/www.kenoshafuneralhome.com\/2025\/08\/25\/pat-ryan-spotlight\/#breadcrumb","itemListElement":[{"@type":"ListItem","position":1,"name":"Home","item":"https:\/\/www.kenoshafuneralhome.com\/"},{"@type":"ListItem","position":2,"name":"A Closer Look at How Pat Ryan Supports Families with Care and Compassion at Piasecki Funeral Home"}]},{"@type":"WebSite","@id":"https:\/\/www.kenoshafuneralhome.com\/#website","url":"https:\/\/www.kenoshafuneralhome.com\/","name":"Funeraria Piasecki","description":"Honrando legados desde 1929","publisher":{"@id":"https:\/\/www.kenoshafuneralhome.com\/#organization"},"potentialAction":[{"@type":"SearchAction","target":{"@type":"EntryPoint","urlTemplate":"https:\/\/www.kenoshafuneralhome.com\/?s={search_term_string}"},"query-input":{"@type":"PropertyValueSpecification","valueRequired":true,"valueName":"search_term_string"}}],"inLanguage":"es"},{"@type":"Organization","@id":"https:\/\/www.kenoshafuneralhome.com\/#organization","name":"Funeraria Piasecki","url":"https:\/\/www.kenoshafuneralhome.com\/","logo":{"@type":"ImageObject","inLanguage":"es","@id":"https:\/\/www.kenoshafuneralhome.com\/#\/schema\/logo\/image\/","url":"https:\/\/www.kenoshafuneralhome.com\/wp-content\/uploads\/2022\/01\/90th-Banner-1-jpg.webp","contentUrl":"https:\/\/www.kenoshafuneralhome.com\/wp-content\/uploads\/2022\/01\/90th-Banner-1-jpg.webp","width":1000,"height":616,"caption":"Piasecki Funeral Home"},"image":{"@id":"https:\/\/www.kenoshafuneralhome.com\/#\/schema\/logo\/image\/"},"sameAs":["https:\/\/www.facebook.com\/PAFuneralHome\/?fref=ts","https:\/\/www.linkedin.com\/company\/piasecki-althaus-funeral-home-&amp;amp;-cremation-services\/"]},{"@type":"Person","@id":"https:\/\/www.kenoshafuneralhome.com\/#\/schema\/person\/644d1e57f3e9258a945a3234a212e78f","name":"Funeraria Piasecki","image":{"@type":"ImageObject","inLanguage":"es","@id":"https:\/\/secure.gravatar.com\/avatar\/280f536d1be8061fdfaca7c1c1ffae3440f719346af1b8a72502d7a9f54324b4?s=96&d=mm&r=g","url":"https:\/\/secure.gravatar.com\/avatar\/280f536d1be8061fdfaca7c1c1ffae3440f719346af1b8a72502d7a9f54324b4?s=96&d=mm&r=g","contentUrl":"https:\/\/secure.gravatar.com\/avatar\/280f536d1be8061fdfaca7c1c1ffae3440f719346af1b8a72502d7a9f54324b4?s=96&d=mm&r=g","caption":"Piasecki Funeral Home"}}]}},"_links":{"self":[{"href":"https:\/\/www.kenoshafuneralhome.com\/es\/wp-json\/wp\/v2\/posts\/8711","targetHints":{"allow":["GET"]}}],"collection":[{"href":"https:\/\/www.kenoshafuneralhome.com\/es\/wp-json\/wp\/v2\/posts"}],"about":[{"href":"https:\/\/www.kenoshafuneralhome.com\/es\/wp-json\/wp\/v2\/types\/post"}],"author":[{"embeddable":true,"href":"https:\/\/www.kenoshafuneralhome.com\/es\/wp-json\/wp\/v2\/users\/9"}],"replies":[{"embeddable":true,"href":"https:\/\/www.kenoshafuneralhome.com\/es\/wp-json\/wp\/v2\/comments?post=8711"}],"version-history":[{"count":11,"href":"https:\/\/www.kenoshafuneralhome.com\/es\/wp-json\/wp\/v2\/posts\/8711\/revisions"}],"predecessor-version":[{"id":8725,"href":"https:\/\/www.kenoshafuneralhome.com\/es\/wp-json\/wp\/v2\/posts\/8711\/revisions\/8725"}],"wp:featuredmedia":[{"embeddable":true,"href":"https:\/\/www.kenoshafuneralhome.com\/es\/wp-json\/wp\/v2\/media\/8728"}],"wp:attachment":[{"href":"https:\/\/www.kenoshafuneralhome.com\/es\/wp-json\/wp\/v2\/media?parent=8711"}],"wp:term":[{"taxonomy":"category","embeddable":true,"href":"https:\/\/www.kenoshafuneralhome.com\/es\/wp-json\/wp\/v2\/categories?post=8711"},{"taxonomy":"post_tag","embeddable":true,"href":"https:\/\/www.kenoshafuneralhome.com\/es\/wp-json\/wp\/v2\/tags?post=8711"}],"curies":[{"name":"wp","href":"https:\/\/api.w.org\/{rel}","templated":true}]}}