{"id":7793,"date":"2024-10-31T11:56:42","date_gmt":"2024-10-31T16:56:42","guid":{"rendered":"https:\/\/www.kenoshafuneralhome.com\/?p=7793"},"modified":"2024-10-31T12:12:27","modified_gmt":"2024-10-31T17:12:27","slug":"honrar-a-los-seres-queridos-con-un-entierro-comunitario","status":"publish","type":"post","link":"https:\/\/www.kenoshafuneralhome.com\/es\/2024\/10\/31\/honor-loved-ones-through-community-interment\/","title":{"rendered":"Honrar a los seres queridos con un entierro comunitario"},"content":{"rendered":"<div class=\"fusion-fullwidth fullwidth-box fusion-builder-row-1 fusion-flex-container has-pattern-background has-mask-background nonhundred-percent-fullwidth non-hundred-percent-height-scrolling\" style=\"--awb-border-radius-top-left:0px;--awb-border-radius-top-right:0px;--awb-border-radius-bottom-right:0px;--awb-border-radius-bottom-left:0px;--awb-flex-wrap:wrap;\" ><div class=\"fusion-builder-row fusion-row fusion-flex-align-items-flex-start fusion-flex-content-wrap\" style=\"max-width:1248px;margin-left: calc(-4% \/ 2 );margin-right: calc(-4% \/ 2 );\"><div class=\"fusion-layout-column fusion_builder_column fusion-builder-column-0 fusion_builder_column_1_1 1_1 fusion-flex-column\" style=\"--awb-bg-size:cover;--awb-width-large:100%;--awb-margin-top-large:0px;--awb-spacing-right-large:1.92%;--awb-margin-bottom-large:20px;--awb-spacing-left-large:1.92%;--awb-width-medium:100%;--awb-order-medium:0;--awb-spacing-right-medium:1.92%;--awb-spacing-left-medium:1.92%;--awb-width-small:100%;--awb-order-small:0;--awb-spacing-right-small:1.92%;--awb-spacing-left-small:1.92%;\"><div class=\"fusion-column-wrapper fusion-column-has-shadow fusion-flex-justify-content-flex-start fusion-content-layout-column\"><div class=\"fusion-title title fusion-title-1 fusion-sep-none fusion-title-text fusion-title-size-four\" style=\"--awb-margin-top-small:0px;--awb-margin-right-small:0px;--awb-margin-bottom-small:20px;--awb-margin-left-small:0px;\"><h4 class=\"fusion-title-heading title-heading-left fusion-responsive-typography-calculated\" style=\"margin:0;--fontSize:20;--minFontSize:20;line-height:1.4;\"><span style=\"font-weight: 400;\">Tras el decreto del Papa Francisco sobre la inhumaci\u00f3n respetuosa de los restos incinerados, descubra c\u00f3mo honrar a sus seres queridos a trav\u00e9s del Ministerio del Recuerdo de Todos los Fieles Difuntos el 2 de noviembre de 2024.<\/span><\/h4><\/div><div class=\"fusion-text fusion-text-1\"><p><span style=\"font-weight: 400;\">El All Souls Remembrance Ministry ofrece una oportunidad especial para que personas de todas las creencias ofrezcan un lugar de descanso final respetuoso a sus seres queridos. <\/span><a href=\"https:\/\/www.cemeteries.org\/Cemeteries-Services\/All-Souls-Remembrance-Ministry.htm\"><span style=\"font-weight: 400;\">restos incinerados<\/span><\/a><span style=\"font-weight: 400;\">. Siguiendo el decreto del Papa Francisco sobre la disposici\u00f3n sagrada de los restos cremados, el 2 de noviembre de 2024 se celebrar\u00e1 una misa conmemorativa y un entierro comunitario en cementerios arquidiocesanos seleccionados.<\/span><\/p>\n<p><span style=\"font-weight: 400;\">En el caso de los restos no reclamados o de quienes no tienen familia que se encargue de los preparativos, en <\/span><a href=\"https:\/\/www.kenoshafuneralhome.com\/es\/\"><span style=\"font-weight: 400;\">Funeraria Piasecki<\/span><\/a><span style=\"font-weight: 400;\"> se dedican a asegurar que cada persona sea tratada con el m\u00e1ximo cuidado y respeto. Nos sentimos honrados de ayudar en este proceso, para que nadie sea olvidado y cada persona descanse con dignidad.<\/span><\/p>\n<p><span style=\"font-weight: 400;\">Para obtener m\u00e1s informaci\u00f3n sobre los lugares, la inscripci\u00f3n y los requisitos del programa, consulte <\/span><a href=\"https:\/\/www.kenoshafuneralhome.com\/es\/pongase-en-contacto-con\/\"><span style=\"font-weight: 400;\">tender la mano<\/span><\/a><span style=\"font-weight: 400;\">-estamos aqu\u00ed para guiarte.<\/span><\/p>\n<\/div><\/div><\/div><\/div><\/div>","protected":false},"excerpt":{"rendered":"<p>Honre a sus seres queridos con el All Souls Remembrance Ministry, siguiendo las directrices del Papa Francisco sobre el entierro respetuoso de los restos cremados. \u00danase a una misa especial y servicio de inhumaci\u00f3n el 2 de noviembre de 2024, en cementerios selectos de la arquidi\u00f3cesis.<\/p>","protected":false},"author":9,"featured_media":7798,"comment_status":"closed","ping_status":"closed","sticky":false,"template":"","format":"standard","meta":{"_acf_changed":false,"footnotes":""},"categories":[19,14,15],"tags":[],"class_list":["post-7793","post","type-post","status-publish","format-standard","has-post-thumbnail","hentry","category-health-and-wellness","category-events_support","category-planning_resources"],"acf":[],"yoast_head":"<!-- This site is optimized with the Yoast SEO plugin v27.2 - https:\/\/yoast.com\/product\/yoast-seo-wordpress\/ -->\n<title>Honor Loved Ones Through Community Interment | Piasecki Funeral Home<\/title>\n<meta name=\"description\" content=\"Honor your loved ones with the All Souls Remembrance Ministry, following Pope Francis&#039; guidance on the respectful interment of cremated remains. Join a special mass and interment service on November 2, 2024, at select archdiocese cemeteries.\" \/>\n<meta name=\"robots\" content=\"index, follow, max-snippet:-1, max-image-preview:large, max-video-preview:-1\" \/>\n<link rel=\"canonical\" href=\"https:\/\/www.kenoshafuneralhome.com\/es\/2024\/10\/31\/honrar-a-los-seres-queridos-con-un-entierro-comunitario\/\" \/>\n<meta property=\"og:locale\" content=\"es_MX\" \/>\n<meta property=\"og:type\" content=\"article\" \/>\n<meta property=\"og:title\" content=\"Honor Loved Ones Through Community Interment | Piasecki Funeral Home\" \/>\n<meta property=\"og:description\" content=\"Honor your loved ones with the All Souls Remembrance Ministry, following Pope Francis&#039; guidance on the respectful interment of cremated remains. Join a special mass and interment service on November 2, 2024, at select archdiocese cemeteries.\" \/>\n<meta property=\"og:url\" content=\"https:\/\/www.kenoshafuneralhome.com\/es\/2024\/10\/31\/honrar-a-los-seres-queridos-con-un-entierro-comunitario\/\" \/>\n<meta property=\"og:site_name\" content=\"Piasecki Funeral Home\" \/>\n<meta property=\"article:publisher\" content=\"https:\/\/www.facebook.com\/PAFuneralHome\/?fref=ts\" \/>\n<meta property=\"article:published_time\" content=\"2024-10-31T16:56:42+00:00\" \/>\n<meta property=\"article:modified_time\" content=\"2024-10-31T17:12:27+00:00\" \/>\n<meta property=\"og:image\" content=\"https:\/\/www.kenoshafuneralhome.com\/wp-content\/uploads\/2024\/10\/Piasecki_AllSouls_103124-Yoast-v2-1024x576.png\" \/>\n\t<meta property=\"og:image:width\" content=\"1024\" \/>\n\t<meta property=\"og:image:height\" content=\"576\" \/>\n\t<meta property=\"og:image:type\" content=\"image\/png\" \/>\n<meta name=\"author\" content=\"Piasecki Funeral Home\" \/>\n<meta name=\"twitter:label1\" content=\"Escrito por\" \/>\n\t<meta name=\"twitter:data1\" content=\"Piasecki Funeral Home\" \/>\n\t<meta name=\"twitter:label2\" content=\"Tiempo de lectura\" \/>\n\t<meta name=\"twitter:data2\" content=\"3 minutos\" \/>\n<script type=\"application\/ld+json\" class=\"yoast-schema-graph\">{\"@context\":\"https:\/\/schema.org\",\"@graph\":[{\"@type\":\"Article\",\"@id\":\"https:\/\/www.kenoshafuneralhome.com\/es\/2024\/10\/31\/honrar-a-los-seres-queridos-con-un-entierro-comunitario\/#article\",\"isPartOf\":{\"@id\":\"https:\/\/www.kenoshafuneralhome.com\/es\/2024\/10\/31\/honrar-a-los-seres-queridos-con-un-entierro-comunitario\/\"},\"author\":{\"name\":\"Piasecki Funeral Home\",\"@id\":\"https:\/\/www.kenoshafuneralhome.com\/#\/schema\/person\/644d1e57f3e9258a945a3234a212e78f\"},\"headline\":\"Honor Loved Ones Through Community Interment\",\"datePublished\":\"2024-10-31T16:56:42+00:00\",\"dateModified\":\"2024-10-31T17:12:27+00:00\",\"mainEntityOfPage\":{\"@id\":\"https:\/\/www.kenoshafuneralhome.com\/es\/2024\/10\/31\/honrar-a-los-seres-queridos-con-un-entierro-comunitario\/\"},\"wordCount\":1100,\"publisher\":{\"@id\":\"https:\/\/www.kenoshafuneralhome.com\/#organization\"},\"image\":{\"@id\":\"https:\/\/www.kenoshafuneralhome.com\/es\/2024\/10\/31\/honrar-a-los-seres-queridos-con-un-entierro-comunitario\/#primaryimage\"},\"thumbnailUrl\":\"https:\/\/www.kenoshafuneralhome.com\/wp-content\/uploads\/2024\/10\/Piasecki_AllSouls_103124-v2.png\",\"articleSection\":[\"Health &amp; Wellness\",\"events_support\",\"planning_resources\"],\"inLanguage\":\"es\"},{\"@type\":\"WebPage\",\"@id\":\"https:\/\/www.kenoshafuneralhome.com\/es\/2024\/10\/31\/honrar-a-los-seres-queridos-con-un-entierro-comunitario\/\",\"url\":\"https:\/\/www.kenoshafuneralhome.com\/es\/2024\/10\/31\/honrar-a-los-seres-queridos-con-un-entierro-comunitario\/\",\"name\":\"Honor Loved Ones Through Community Interment | Piasecki Funeral Home\",\"isPartOf\":{\"@id\":\"https:\/\/www.kenoshafuneralhome.com\/#website\"},\"primaryImageOfPage\":{\"@id\":\"https:\/\/www.kenoshafuneralhome.com\/es\/2024\/10\/31\/honrar-a-los-seres-queridos-con-un-entierro-comunitario\/#primaryimage\"},\"image\":{\"@id\":\"https:\/\/www.kenoshafuneralhome.com\/es\/2024\/10\/31\/honrar-a-los-seres-queridos-con-un-entierro-comunitario\/#primaryimage\"},\"thumbnailUrl\":\"https:\/\/www.kenoshafuneralhome.com\/wp-content\/uploads\/2024\/10\/Piasecki_AllSouls_103124-v2.png\",\"datePublished\":\"2024-10-31T16:56:42+00:00\",\"dateModified\":\"2024-10-31T17:12:27+00:00\",\"description\":\"Honor your loved ones with the All Souls Remembrance Ministry, following Pope Francis' guidance on the respectful interment of cremated remains. Join a special mass and interment service on November 2, 2024, at select archdiocese cemeteries.\",\"breadcrumb\":{\"@id\":\"https:\/\/www.kenoshafuneralhome.com\/es\/2024\/10\/31\/honrar-a-los-seres-queridos-con-un-entierro-comunitario\/#breadcrumb\"},\"inLanguage\":\"es\",\"potentialAction\":[{\"@type\":\"ReadAction\",\"target\":[\"https:\/\/www.kenoshafuneralhome.com\/es\/2024\/10\/31\/honrar-a-los-seres-queridos-con-un-entierro-comunitario\/\"]}]},{\"@type\":\"ImageObject\",\"inLanguage\":\"es\",\"@id\":\"https:\/\/www.kenoshafuneralhome.com\/es\/2024\/10\/31\/honrar-a-los-seres-queridos-con-un-entierro-comunitario\/#primaryimage\",\"url\":\"https:\/\/www.kenoshafuneralhome.com\/wp-content\/uploads\/2024\/10\/Piasecki_AllSouls_103124-v2.png\",\"contentUrl\":\"https:\/\/www.kenoshafuneralhome.com\/wp-content\/uploads\/2024\/10\/Piasecki_AllSouls_103124-v2.png\",\"width\":1920,\"height\":1080,\"caption\":\"Piasecki Allsouls 103124 V2\"},{\"@type\":\"BreadcrumbList\",\"@id\":\"https:\/\/www.kenoshafuneralhome.com\/es\/2024\/10\/31\/honrar-a-los-seres-queridos-con-un-entierro-comunitario\/#breadcrumb\",\"itemListElement\":[{\"@type\":\"ListItem\",\"position\":1,\"name\":\"Home\",\"item\":\"https:\/\/www.kenoshafuneralhome.com\/\"},{\"@type\":\"ListItem\",\"position\":2,\"name\":\"Honor Loved Ones Through Community Interment\"}]},{\"@type\":\"WebSite\",\"@id\":\"https:\/\/www.kenoshafuneralhome.com\/#website\",\"url\":\"https:\/\/www.kenoshafuneralhome.com\/\",\"name\":\"Piasecki Funeral Home\",\"description\":\"Honoring Legacies Since 1929\",\"publisher\":{\"@id\":\"https:\/\/www.kenoshafuneralhome.com\/#organization\"},\"potentialAction\":[{\"@type\":\"SearchAction\",\"target\":{\"@type\":\"EntryPoint\",\"urlTemplate\":\"https:\/\/www.kenoshafuneralhome.com\/?s={search_term_string}\"},\"query-input\":{\"@type\":\"PropertyValueSpecification\",\"valueRequired\":true,\"valueName\":\"search_term_string\"}}],\"inLanguage\":\"es\"},{\"@type\":\"Organization\",\"@id\":\"https:\/\/www.kenoshafuneralhome.com\/#organization\",\"name\":\"Piasecki Funeral Home\",\"url\":\"https:\/\/www.kenoshafuneralhome.com\/\",\"logo\":{\"@type\":\"ImageObject\",\"inLanguage\":\"es\",\"@id\":\"https:\/\/www.kenoshafuneralhome.com\/#\/schema\/logo\/image\/\",\"url\":\"https:\/\/www.kenoshafuneralhome.com\/wp-content\/uploads\/2022\/01\/90th-Banner-1-jpg.webp\",\"contentUrl\":\"https:\/\/www.kenoshafuneralhome.com\/wp-content\/uploads\/2022\/01\/90th-Banner-1-jpg.webp\",\"width\":1000,\"height\":616,\"caption\":\"Piasecki Funeral Home\"},\"image\":{\"@id\":\"https:\/\/www.kenoshafuneralhome.com\/#\/schema\/logo\/image\/\"},\"sameAs\":[\"https:\/\/www.facebook.com\/PAFuneralHome\/?fref=ts\",\"https:\/\/www.linkedin.com\/company\/piasecki-althaus-funeral-home-&amp;amp;-cremation-services\/\"]},{\"@type\":\"Person\",\"@id\":\"https:\/\/www.kenoshafuneralhome.com\/#\/schema\/person\/644d1e57f3e9258a945a3234a212e78f\",\"name\":\"Piasecki Funeral Home\",\"image\":{\"@type\":\"ImageObject\",\"inLanguage\":\"es\",\"@id\":\"https:\/\/secure.gravatar.com\/avatar\/280f536d1be8061fdfaca7c1c1ffae3440f719346af1b8a72502d7a9f54324b4?s=96&d=mm&r=g\",\"url\":\"https:\/\/secure.gravatar.com\/avatar\/280f536d1be8061fdfaca7c1c1ffae3440f719346af1b8a72502d7a9f54324b4?s=96&d=mm&r=g\",\"contentUrl\":\"https:\/\/secure.gravatar.com\/avatar\/280f536d1be8061fdfaca7c1c1ffae3440f719346af1b8a72502d7a9f54324b4?s=96&d=mm&r=g\",\"caption\":\"Piasecki Funeral Home\"}}]}<\/script>\n<!-- \/ Yoast SEO plugin. -->","yoast_head_json":{"title":"Honre a sus seres queridos con un entierro comunitario | Piasecki Funeral Home","description":"Honre a sus seres queridos con el All Souls Remembrance Ministry, siguiendo las directrices del Papa Francisco sobre el entierro respetuoso de los restos cremados. \u00danase a una misa especial y servicio de inhumaci\u00f3n el 2 de noviembre de 2024, en cementerios selectos de la arquidi\u00f3cesis.","robots":{"index":"index","follow":"follow","max-snippet":"max-snippet:-1","max-image-preview":"max-image-preview:large","max-video-preview":"max-video-preview:-1"},"canonical":"https:\/\/www.kenoshafuneralhome.com\/es\/2024\/10\/31\/honrar-a-los-seres-queridos-con-un-entierro-comunitario\/","og_locale":"es_MX","og_type":"article","og_title":"Honor Loved Ones Through Community Interment | Piasecki Funeral Home","og_description":"Honor your loved ones with the All Souls Remembrance Ministry, following Pope Francis' guidance on the respectful interment of cremated remains. Join a special mass and interment service on November 2, 2024, at select archdiocese cemeteries.","og_url":"https:\/\/www.kenoshafuneralhome.com\/es\/2024\/10\/31\/honrar-a-los-seres-queridos-con-un-entierro-comunitario\/","og_site_name":"Piasecki Funeral Home","article_publisher":"https:\/\/www.facebook.com\/PAFuneralHome\/?fref=ts","article_published_time":"2024-10-31T16:56:42+00:00","article_modified_time":"2024-10-31T17:12:27+00:00","og_image":[{"width":1024,"height":576,"url":"https:\/\/www.kenoshafuneralhome.com\/wp-content\/uploads\/2024\/10\/Piasecki_AllSouls_103124-Yoast-v2-1024x576.png","type":"image\/png"}],"author":"Piasecki Funeral Home","twitter_misc":{"Escrito por":"Piasecki Funeral Home","Tiempo de lectura":"3 minutos"},"schema":{"@context":"https:\/\/schema.org","@graph":[{"@type":"Article","@id":"https:\/\/www.kenoshafuneralhome.com\/es\/2024\/10\/31\/honrar-a-los-seres-queridos-con-un-entierro-comunitario\/#article","isPartOf":{"@id":"https:\/\/www.kenoshafuneralhome.com\/es\/2024\/10\/31\/honrar-a-los-seres-queridos-con-un-entierro-comunitario\/"},"author":{"name":"Piasecki Funeral Home","@id":"https:\/\/www.kenoshafuneralhome.com\/#\/schema\/person\/644d1e57f3e9258a945a3234a212e78f"},"headline":"Honor Loved Ones Through Community Interment","datePublished":"2024-10-31T16:56:42+00:00","dateModified":"2024-10-31T17:12:27+00:00","mainEntityOfPage":{"@id":"https:\/\/www.kenoshafuneralhome.com\/es\/2024\/10\/31\/honrar-a-los-seres-queridos-con-un-entierro-comunitario\/"},"wordCount":1100,"publisher":{"@id":"https:\/\/www.kenoshafuneralhome.com\/#organization"},"image":{"@id":"https:\/\/www.kenoshafuneralhome.com\/es\/2024\/10\/31\/honrar-a-los-seres-queridos-con-un-entierro-comunitario\/#primaryimage"},"thumbnailUrl":"https:\/\/www.kenoshafuneralhome.com\/wp-content\/uploads\/2024\/10\/Piasecki_AllSouls_103124-v2.png","articleSection":["Health &amp; Wellness","events_support","planning_resources"],"inLanguage":"es"},{"@type":"WebPage","@id":"https:\/\/www.kenoshafuneralhome.com\/es\/2024\/10\/31\/honrar-a-los-seres-queridos-con-un-entierro-comunitario\/","url":"https:\/\/www.kenoshafuneralhome.com\/es\/2024\/10\/31\/honrar-a-los-seres-queridos-con-un-entierro-comunitario\/","name":"Honre a sus seres queridos con un entierro comunitario | Piasecki Funeral Home","isPartOf":{"@id":"https:\/\/www.kenoshafuneralhome.com\/#website"},"primaryImageOfPage":{"@id":"https:\/\/www.kenoshafuneralhome.com\/es\/2024\/10\/31\/honrar-a-los-seres-queridos-con-un-entierro-comunitario\/#primaryimage"},"image":{"@id":"https:\/\/www.kenoshafuneralhome.com\/es\/2024\/10\/31\/honrar-a-los-seres-queridos-con-un-entierro-comunitario\/#primaryimage"},"thumbnailUrl":"https:\/\/www.kenoshafuneralhome.com\/wp-content\/uploads\/2024\/10\/Piasecki_AllSouls_103124-v2.png","datePublished":"2024-10-31T16:56:42+00:00","dateModified":"2024-10-31T17:12:27+00:00","description":"Honre a sus seres queridos con el All Souls Remembrance Ministry, siguiendo las directrices del Papa Francisco sobre el entierro respetuoso de los restos cremados. \u00danase a una misa especial y servicio de inhumaci\u00f3n el 2 de noviembre de 2024, en cementerios selectos de la arquidi\u00f3cesis.","breadcrumb":{"@id":"https:\/\/www.kenoshafuneralhome.com\/es\/2024\/10\/31\/honrar-a-los-seres-queridos-con-un-entierro-comunitario\/#breadcrumb"},"inLanguage":"es","potentialAction":[{"@type":"ReadAction","target":["https:\/\/www.kenoshafuneralhome.com\/es\/2024\/10\/31\/honrar-a-los-seres-queridos-con-un-entierro-comunitario\/"]}]},{"@type":"ImageObject","inLanguage":"es","@id":"https:\/\/www.kenoshafuneralhome.com\/es\/2024\/10\/31\/honrar-a-los-seres-queridos-con-un-entierro-comunitario\/#primaryimage","url":"https:\/\/www.kenoshafuneralhome.com\/wp-content\/uploads\/2024\/10\/Piasecki_AllSouls_103124-v2.png","contentUrl":"https:\/\/www.kenoshafuneralhome.com\/wp-content\/uploads\/2024\/10\/Piasecki_AllSouls_103124-v2.png","width":1920,"height":1080,"caption":"Piasecki Allsouls 103124 V2"},{"@type":"BreadcrumbList","@id":"https:\/\/www.kenoshafuneralhome.com\/es\/2024\/10\/31\/honrar-a-los-seres-queridos-con-un-entierro-comunitario\/#breadcrumb","itemListElement":[{"@type":"ListItem","position":1,"name":"Home","item":"https:\/\/www.kenoshafuneralhome.com\/"},{"@type":"ListItem","position":2,"name":"Honor Loved Ones Through Community Interment"}]},{"@type":"WebSite","@id":"https:\/\/www.kenoshafuneralhome.com\/#website","url":"https:\/\/www.kenoshafuneralhome.com\/","name":"Funeraria Piasecki","description":"Honrando legados desde 1929","publisher":{"@id":"https:\/\/www.kenoshafuneralhome.com\/#organization"},"potentialAction":[{"@type":"SearchAction","target":{"@type":"EntryPoint","urlTemplate":"https:\/\/www.kenoshafuneralhome.com\/?s={search_term_string}"},"query-input":{"@type":"PropertyValueSpecification","valueRequired":true,"valueName":"search_term_string"}}],"inLanguage":"es"},{"@type":"Organization","@id":"https:\/\/www.kenoshafuneralhome.com\/#organization","name":"Funeraria Piasecki","url":"https:\/\/www.kenoshafuneralhome.com\/","logo":{"@type":"ImageObject","inLanguage":"es","@id":"https:\/\/www.kenoshafuneralhome.com\/#\/schema\/logo\/image\/","url":"https:\/\/www.kenoshafuneralhome.com\/wp-content\/uploads\/2022\/01\/90th-Banner-1-jpg.webp","contentUrl":"https:\/\/www.kenoshafuneralhome.com\/wp-content\/uploads\/2022\/01\/90th-Banner-1-jpg.webp","width":1000,"height":616,"caption":"Piasecki Funeral Home"},"image":{"@id":"https:\/\/www.kenoshafuneralhome.com\/#\/schema\/logo\/image\/"},"sameAs":["https:\/\/www.facebook.com\/PAFuneralHome\/?fref=ts","https:\/\/www.linkedin.com\/company\/piasecki-althaus-funeral-home-&amp;amp;-cremation-services\/"]},{"@type":"Person","@id":"https:\/\/www.kenoshafuneralhome.com\/#\/schema\/person\/644d1e57f3e9258a945a3234a212e78f","name":"Funeraria Piasecki","image":{"@type":"ImageObject","inLanguage":"es","@id":"https:\/\/secure.gravatar.com\/avatar\/280f536d1be8061fdfaca7c1c1ffae3440f719346af1b8a72502d7a9f54324b4?s=96&d=mm&r=g","url":"https:\/\/secure.gravatar.com\/avatar\/280f536d1be8061fdfaca7c1c1ffae3440f719346af1b8a72502d7a9f54324b4?s=96&d=mm&r=g","contentUrl":"https:\/\/secure.gravatar.com\/avatar\/280f536d1be8061fdfaca7c1c1ffae3440f719346af1b8a72502d7a9f54324b4?s=96&d=mm&r=g","caption":"Piasecki Funeral Home"}}]}},"_links":{"self":[{"href":"https:\/\/www.kenoshafuneralhome.com\/es\/wp-json\/wp\/v2\/posts\/7793","targetHints":{"allow":["GET"]}}],"collection":[{"href":"https:\/\/www.kenoshafuneralhome.com\/es\/wp-json\/wp\/v2\/posts"}],"about":[{"href":"https:\/\/www.kenoshafuneralhome.com\/es\/wp-json\/wp\/v2\/types\/post"}],"author":[{"embeddable":true,"href":"https:\/\/www.kenoshafuneralhome.com\/es\/wp-json\/wp\/v2\/users\/9"}],"replies":[{"embeddable":true,"href":"https:\/\/www.kenoshafuneralhome.com\/es\/wp-json\/wp\/v2\/comments?post=7793"}],"version-history":[{"count":3,"href":"https:\/\/www.kenoshafuneralhome.com\/es\/wp-json\/wp\/v2\/posts\/7793\/revisions"}],"predecessor-version":[{"id":7797,"href":"https:\/\/www.kenoshafuneralhome.com\/es\/wp-json\/wp\/v2\/posts\/7793\/revisions\/7797"}],"wp:featuredmedia":[{"embeddable":true,"href":"https:\/\/www.kenoshafuneralhome.com\/es\/wp-json\/wp\/v2\/media\/7798"}],"wp:attachment":[{"href":"https:\/\/www.kenoshafuneralhome.com\/es\/wp-json\/wp\/v2\/media?parent=7793"}],"wp:term":[{"taxonomy":"category","embeddable":true,"href":"https:\/\/www.kenoshafuneralhome.com\/es\/wp-json\/wp\/v2\/categories?post=7793"},{"taxonomy":"post_tag","embeddable":true,"href":"https:\/\/www.kenoshafuneralhome.com\/es\/wp-json\/wp\/v2\/tags?post=7793"}],"curies":[{"name":"wp","href":"https:\/\/api.w.org\/{rel}","templated":true}]}}