{"id":7382,"date":"2024-05-26T05:00:34","date_gmt":"2024-05-26T10:00:34","guid":{"rendered":"https:\/\/www.kenoshafuneralhome.com\/?p=7382"},"modified":"2024-05-22T11:32:55","modified_gmt":"2024-05-22T16:32:55","slug":"funeraria-piasecki-anuncia-la-jubilacion-de-nancy-piasecki","status":"publish","type":"post","link":"https:\/\/www.kenoshafuneralhome.com\/es\/2024\/05\/26\/piasecki-funeral-home-announces-the-retirement-of-nancy-piasecki\/","title":{"rendered":"Funeraria Piasecki anuncia la jubilaci\u00f3n de Nancy Piasecki"},"content":{"rendered":"<p><div class=\"fusion-fullwidth fullwidth-box fusion-builder-row-1 fusion-flex-container has-pattern-background has-mask-background nonhundred-percent-fullwidth non-hundred-percent-height-scrolling\" style=\"--awb-border-radius-top-left:0px;--awb-border-radius-top-right:0px;--awb-border-radius-bottom-right:0px;--awb-border-radius-bottom-left:0px;--awb-flex-wrap:wrap;\" ><div class=\"fusion-builder-row fusion-row fusion-flex-align-items-flex-start fusion-flex-content-wrap\" style=\"max-width:1248px;margin-left: calc(-4% \/ 2 );margin-right: calc(-4% \/ 2 );\"><div class=\"fusion-layout-column fusion_builder_column fusion-builder-column-0 fusion_builder_column_2_3 2_3 fusion-flex-column\" style=\"--awb-bg-size:cover;--awb-width-large:66.666666666667%;--awb-margin-top-large:0px;--awb-spacing-right-large:2.88%;--awb-margin-bottom-large:20px;--awb-spacing-left-large:2.88%;--awb-width-medium:100%;--awb-order-medium:0;--awb-spacing-right-medium:1.92%;--awb-spacing-left-medium:1.92%;--awb-width-small:100%;--awb-order-small:0;--awb-spacing-right-small:1.92%;--awb-spacing-left-small:1.92%;\"><div class=\"fusion-column-wrapper fusion-column-has-shadow fusion-flex-justify-content-flex-start fusion-content-layout-column\"><div class=\"fusion-text fusion-text-1\"><p><span style=\"font-weight: 400;\">Tras una distinguida y sentida carrera de casi siete d\u00e9cadas, Nancy Piasecki ha decidido retirarse de su puesto en la funeraria Piasecki, un faro de comodidad y servicio en nuestra comunidad desde 1931. La trayectoria de Nancy en la funeraria comenz\u00f3 en 1955, cuando se cas\u00f3 y entr\u00f3 en el negocio, adentr\u00e1ndose en un mundo que, por aquel entonces, era territorio desconocido para las mujeres. Con dedicaci\u00f3n y un esp\u00edritu inquebrantable, no s\u00f3lo tuvo \u00e9xito, sino que prosper\u00f3, allanando el camino para las generaciones futuras.<\/span><\/p>\n<p><span style=\"font-weight: 400;\">La contribuci\u00f3n inicial de Nancy fue la modernizaci\u00f3n de la gesti\u00f3n financiera del negocio, pasando de un simple cuaderno a un completo sistema de contabilidad y tenedur\u00eda de libros. Su papel evolucion\u00f3 a lo largo de los a\u00f1os, desde la gesti\u00f3n del clero, los ata\u00fades y los pedidos de b\u00f3vedas hasta la direcci\u00f3n de la funeraria en sus momentos m\u00e1s dif\u00edciles, especialmente tras el fallecimiento de su marido, Michael J. Piasecki, en 1984. Bajo su direcci\u00f3n, los servicios de la funeraria crecieron exponencialmente, como testimonio del liderazgo de Nancy y del esfuerzo colectivo de un equipo entregado.<\/span><\/p>\n<\/div><\/div><\/div><div class=\"fusion-layout-column fusion_builder_column fusion-builder-column-1 fusion_builder_column_1_3 1_3 fusion-flex-column\" style=\"--awb-bg-size:cover;--awb-width-large:33.333333333333%;--awb-margin-top-large:0px;--awb-spacing-right-large:5.76%;--awb-margin-bottom-large:20px;--awb-spacing-left-large:5.76%;--awb-width-medium:100%;--awb-order-medium:0;--awb-spacing-right-medium:1.92%;--awb-spacing-left-medium:1.92%;--awb-width-small:100%;--awb-order-small:0;--awb-spacing-right-small:1.92%;--awb-spacing-left-small:1.92%;\"><div class=\"fusion-column-wrapper fusion-column-has-shadow fusion-flex-justify-content-flex-start fusion-content-layout-column\"><div class=\"fusion-image-element\" style=\"--awb-caption-title-font-family:var(--h2_typography-font-family);--awb-caption-title-font-weight:var(--h2_typography-font-weight);--awb-caption-title-font-style:var(--h2_typography-font-style);--awb-caption-title-size:var(--h2_typography-font-size);--awb-caption-title-transform:var(--h2_typography-text-transform);--awb-caption-title-line-height:var(--h2_typography-line-height);--awb-caption-title-letter-spacing:var(--h2_typography-letter-spacing);\"><span class=\"fusion-imageframe imageframe-none imageframe-1 hover-type-none\"><img decoding=\"async\" width=\"1000\" height=\"826\" alt=\"Grupo Piasecki Foto Web 052124\" title=\"Grupo Piasecki Foto Web 052124\" src=\"https:\/\/www.kenoshafuneralhome.com\/wp-content\/uploads\/2024\/05\/Piasecki-Group-Photo-WEB-052124-jpeg.webp\" class=\"img-responsive wp-image-7384\" srcset=\"https:\/\/www.kenoshafuneralhome.com\/wp-content\/uploads\/2024\/05\/Piasecki-Group-Photo-WEB-052124-200x165.webp 200w, https:\/\/www.kenoshafuneralhome.com\/wp-content\/uploads\/2024\/05\/Piasecki-Group-Photo-WEB-052124-400x330.webp 400w, https:\/\/www.kenoshafuneralhome.com\/wp-content\/uploads\/2024\/05\/Piasecki-Group-Photo-WEB-052124-600x496.webp 600w, https:\/\/www.kenoshafuneralhome.com\/wp-content\/uploads\/2024\/05\/Piasecki-Group-Photo-WEB-052124-800x661.webp 800w, https:\/\/www.kenoshafuneralhome.com\/wp-content\/uploads\/2024\/05\/Piasecki-Group-Photo-WEB-052124-jpeg.webp 1000w\" sizes=\"(max-width: 1024px) 100vw, (max-width: 640px) 100vw, 400px\" \/><\/span><\/div><div class=\"fusion-text fusion-text-2\" style=\"--awb-content-alignment:center;--awb-font-size:14px;\"><p><em>En la foto: las familias Piasecki y Martin<\/em><\/p>\n<\/div><\/div><\/div><div class=\"fusion-layout-column fusion_builder_column fusion-builder-column-2 fusion_builder_column_1_1 1_1 fusion-flex-column\" style=\"--awb-bg-size:cover;--awb-width-large:100%;--awb-margin-top-large:0px;--awb-spacing-right-large:1.92%;--awb-margin-bottom-large:20px;--awb-spacing-left-large:1.92%;--awb-width-medium:100%;--awb-order-medium:0;--awb-spacing-right-medium:1.92%;--awb-spacing-left-medium:1.92%;--awb-width-small:100%;--awb-order-small:0;--awb-spacing-right-small:1.92%;--awb-spacing-left-small:1.92%;\"><div class=\"fusion-column-wrapper fusion-column-has-shadow fusion-flex-justify-content-flex-start fusion-content-layout-column\"><div class=\"fusion-text fusion-text-3\"><p><span style=\"font-weight: 400;\">Su legado incluye no s\u00f3lo el crecimiento de la funeraria, sino tambi\u00e9n su importante participaci\u00f3n en diversas organizaciones locales, donde ocup\u00f3 numerosos cargos de liderazgo, contribuyendo a la mejora de la comunidad de Kenosha. El compromiso de Nancy con el servicio se reflej\u00f3 en su vida personal, donde fue una madre, abuela y amiga devota, siempre encontrando alegr\u00eda en el tiempo que pasaba con sus seres queridos.<\/span><\/p>\n<\/div><div class=\"fusion-image-element\" style=\"--awb-margin-top:40px;--awb-margin-bottom:40px;--awb-caption-title-font-family:var(--h2_typography-font-family);--awb-caption-title-font-weight:var(--h2_typography-font-weight);--awb-caption-title-font-style:var(--h2_typography-font-style);--awb-caption-title-size:var(--h2_typography-font-size);--awb-caption-title-transform:var(--h2_typography-text-transform);--awb-caption-title-line-height:var(--h2_typography-line-height);--awb-caption-title-letter-spacing:var(--h2_typography-letter-spacing);\"><span class=\"fusion-imageframe imageframe-none imageframe-2 hover-type-none\"><img decoding=\"async\" width=\"1600\" height=\"446\" alt=\"Piasecki Throwbackpics\" title=\"Piasecki Throwbackpics\" src=\"https:\/\/www.kenoshafuneralhome.com\/wp-content\/uploads\/2024\/05\/Piasecki_ThrowbackPics.png\" class=\"img-responsive wp-image-7411\" srcset=\"https:\/\/www.kenoshafuneralhome.com\/wp-content\/uploads\/2024\/05\/Piasecki_ThrowbackPics-200x56.png 200w, https:\/\/www.kenoshafuneralhome.com\/wp-content\/uploads\/2024\/05\/Piasecki_ThrowbackPics-400x112.png 400w, https:\/\/www.kenoshafuneralhome.com\/wp-content\/uploads\/2024\/05\/Piasecki_ThrowbackPics-600x167.png 600w, https:\/\/www.kenoshafuneralhome.com\/wp-content\/uploads\/2024\/05\/Piasecki_ThrowbackPics-800x223.png 800w, https:\/\/www.kenoshafuneralhome.com\/wp-content\/uploads\/2024\/05\/Piasecki_ThrowbackPics-1200x335.png 1200w, https:\/\/www.kenoshafuneralhome.com\/wp-content\/uploads\/2024\/05\/Piasecki_ThrowbackPics.png 1600w\" sizes=\"(max-width: 1024px) 100vw, (max-width: 640px) 100vw, 1200px\" \/><\/span><\/div><div class=\"fusion-text fusion-text-4\"><p><span style=\"font-weight: 400;\">Cuando Nancy se retira, la familia Piasecki tiene el honor de pasar la antorcha a Matt Martin, un bombero y param\u00e9dico jubilado de la ciudad de Kenosha que ha formado parte de nuestra familia durante m\u00e1s de 20 a\u00f1os. La dedicaci\u00f3n de Matt a la comunidad y su enfoque compasivo al servicio funerario prometen una continuaci\u00f3n del legado familiar. Su amplia educaci\u00f3n y formaci\u00f3n le han preparado para dirigir el equipo Piasecki con el mismo coraz\u00f3n y dedicaci\u00f3n que han sido el sello distintivo de la funeraria durante d\u00e9cadas.<\/span><\/p>\n<p><span style=\"font-weight: 400;\">La jubilaci\u00f3n de Nancy no s\u00f3lo marca el paso de una p\u00e1gina, sino tambi\u00e9n el comienzo de un nuevo y emocionante cap\u00edtulo para esta funeraria familiar e independiente. Al despedirnos de Nancy, celebramos sus inmensas contribuciones, su esp\u00edritu pionero y las innumerables vidas que ha tocado. Su legado de compasi\u00f3n, servicio a la comunidad y dedicaci\u00f3n continuar\u00e1 inspir\u00e1ndonos a todos en Piasecki Funeral Home a medida que avanzamos, honrando los legados personales en el c\u00edrculo de la vida.<\/span><\/p>\n<p><span style=\"font-weight: 400;\">Invitamos a nuestros amigos, familiares y a la comunidad de Kenosha a unirse a nosotros para celebrar la extraordinaria carrera de Nancy y desearle una jubilaci\u00f3n feliz y satisfactoria. Tambi\u00e9n les animamos a que se pongan en contacto con Matt Martin si tienen alguna pregunta durante esta transici\u00f3n. Que este nuevo cap\u00edtulo le traiga a Nancy un merecido descanso, felicidad y un sinf\u00edn de tiempo con su querida familia y amigos. Gracias, Nancy, por tus d\u00e9cadas de servicio, tu liderazgo y tu profundo impacto en todos nosotros.<\/span><\/p>\n<\/div><\/div><\/div><\/div><\/div><div class=\"fusion-fullwidth fullwidth-box fusion-builder-row-2 fusion-flex-container has-pattern-background has-mask-background nonhundred-percent-fullwidth non-hundred-percent-height-scrolling\" style=\"--awb-border-radius-top-left:0px;--awb-border-radius-top-right:0px;--awb-border-radius-bottom-right:0px;--awb-border-radius-bottom-left:0px;--awb-flex-wrap:wrap;\" ><div class=\"fusion-builder-row fusion-row fusion-flex-align-items-flex-start fusion-flex-justify-content-center fusion-flex-content-wrap\" style=\"max-width:1248px;margin-left: calc(-4% \/ 2 );margin-right: calc(-4% \/ 2 );\"><div class=\"fusion-layout-column fusion_builder_column fusion-builder-column-3 fusion_builder_column_1_4 1_4 fusion-flex-column\" style=\"--awb-bg-size:cover;--awb-width-large:25%;--awb-margin-top-large:0px;--awb-spacing-right-large:7.68%;--awb-margin-bottom-large:0px;--awb-spacing-left-large:7.68%;--awb-width-medium:50%;--awb-order-medium:0;--awb-spacing-right-medium:3.84%;--awb-spacing-left-medium:3.84%;--awb-width-small:100%;--awb-order-small:0;--awb-spacing-right-small:1.92%;--awb-spacing-left-small:1.92%;\"><div class=\"fusion-column-wrapper fusion-column-has-shadow fusion-flex-justify-content-flex-start fusion-content-layout-column\"><div class=\"fusion-image-element md-text-align-right\" style=\"text-align:center;--awb-margin-bottom-small:10px;--awb-max-width:240px;--awb-caption-title-font-family:var(--h2_typography-font-family);--awb-caption-title-font-weight:var(--h2_typography-font-weight);--awb-caption-title-font-style:var(--h2_typography-font-style);--awb-caption-title-size:var(--h2_typography-font-size);--awb-caption-title-transform:var(--h2_typography-text-transform);--awb-caption-title-line-height:var(--h2_typography-line-height);--awb-caption-title-letter-spacing:var(--h2_typography-letter-spacing);\"><span class=\"fusion-imageframe imageframe-none imageframe-3 hover-type-none\"><a class=\"fusion-no-lightbox\" href=\"https:\/\/www.kenoshafuneralhome.com\/es\/nuestro-equipo\/nancy-piasecki\/\" target=\"_self\"><img decoding=\"async\" src=\"https:\/\/www.kenoshafuneralhome.com\/wp-content\/uploads\/2022\/07\/Nancy-Piasecki-w-glasses-Retouch@2x.jpg\" alt class=\"img-responsive\"\/><\/a><\/span><\/div><div class=\"fusion-title title fusion-title-1 fusion-sep-none fusion-title-center fusion-title-text fusion-title-size-four\" style=\"--awb-margin-top:20px;--awb-margin-bottom:0px;--awb-margin-top-small:0px;--awb-margin-right-small:0px;--awb-margin-bottom-small:20px;--awb-margin-left-small:0px;\"><h4 class=\"fusion-title-heading title-heading-center fusion-responsive-typography-calculated\" style=\"margin:0;--fontSize:20;--minFontSize:20;line-height:1.4;\">Nancy Piasecki<\/h4><\/div><div class=\"fusion-text fusion-text-5\" style=\"--awb-content-alignment:center;--awb-font-size:14px;--awb-text-color:var(--awb-color8);--awb-margin-top:0px;\"><p><strong>Presidente jubilada<\/strong><\/p>\n<\/div><\/div><\/div><div class=\"fusion-layout-column fusion_builder_column fusion-builder-column-4 fusion_builder_column_1_4 1_4 fusion-flex-column\" style=\"--awb-bg-size:cover;--awb-width-large:25%;--awb-margin-top-large:0px;--awb-spacing-right-large:7.68%;--awb-margin-bottom-large:0px;--awb-spacing-left-large:7.68%;--awb-width-medium:50%;--awb-order-medium:0;--awb-spacing-right-medium:3.84%;--awb-spacing-left-medium:3.84%;--awb-width-small:100%;--awb-order-small:0;--awb-margin-top-small:25px;--awb-spacing-right-small:1.92%;--awb-spacing-left-small:1.92%;\"><div class=\"fusion-column-wrapper fusion-column-has-shadow fusion-flex-justify-content-flex-start fusion-content-layout-column\"><div class=\"fusion-image-element md-text-align-left\" style=\"text-align:center;--awb-max-width:240px;--awb-caption-title-font-family:var(--h2_typography-font-family);--awb-caption-title-font-weight:var(--h2_typography-font-weight);--awb-caption-title-font-style:var(--h2_typography-font-style);--awb-caption-title-size:var(--h2_typography-font-size);--awb-caption-title-transform:var(--h2_typography-text-transform);--awb-caption-title-line-height:var(--h2_typography-line-height);--awb-caption-title-letter-spacing:var(--h2_typography-letter-spacing);\"><span class=\"fusion-imageframe imageframe-none imageframe-4 hover-type-none\"><a class=\"fusion-no-lightbox\" href=\"https:\/\/www.kenoshafuneralhome.com\/es\/nuestro-equipo\/matt-martin\/\" target=\"_self\" aria-label=\"Mattmartin\"><img decoding=\"async\" width=\"300\" height=\"300\" alt=\"Mattmartin\" src=\"https:\/\/www.kenoshafuneralhome.com\/wp-content\/uploads\/2024\/05\/MattMartin.png\" class=\"img-responsive wp-image-7400\" srcset=\"https:\/\/www.kenoshafuneralhome.com\/wp-content\/uploads\/2024\/05\/MattMartin-200x200.png 200w, https:\/\/www.kenoshafuneralhome.com\/wp-content\/uploads\/2024\/05\/MattMartin.png 300w\" sizes=\"(max-width: 1024px) 100vw, (max-width: 640px) 100vw, 300px\" \/><\/a><\/span><\/div><div class=\"fusion-title title fusion-title-2 fusion-sep-none fusion-title-center fusion-title-text fusion-title-size-four\" style=\"--awb-margin-top:20px;--awb-margin-bottom:0px;--awb-margin-top-small:0px;--awb-margin-right-small:0px;--awb-margin-bottom-small:20px;--awb-margin-left-small:0px;\"><h4 class=\"fusion-title-heading title-heading-center fusion-responsive-typography-calculated\" style=\"margin:0;--fontSize:20;--minFontSize:20;line-height:1.4;\">Matt Martin<\/h4><\/div><div class=\"fusion-text fusion-text-6\" style=\"--awb-content-alignment:center;--awb-font-size:14px;--awb-text-color:var(--awb-color8);--awb-margin-top:0px;\"><p><strong>Vicepresidente \/ Socio Director<\/strong><\/p>\n<\/div><\/div><\/div><\/div><\/div><\/p>","protected":false},"excerpt":{"rendered":"<p>Tras una distinguida y sentida carrera de casi siete d\u00e9cadas, Nancy Piasecki ha decidido retirarse de su cargo en la Funeraria Piasecki, un faro de consuelo y servicio en nuestra comunidad desde 1931.<\/p>","protected":false},"author":9,"featured_media":7391,"comment_status":"closed","ping_status":"closed","sticky":false,"template":"","format":"standard","meta":{"_acf_changed":false,"footnotes":""},"categories":[51],"tags":[],"class_list":["post-7382","post","type-post","status-publish","format-standard","has-post-thumbnail","hentry","category-no-ron"],"acf":[],"yoast_head":"<!-- This site is optimized with the Yoast SEO plugin v27.2 - https:\/\/yoast.com\/product\/yoast-seo-wordpress\/ -->\n<title>Piasecki Funeral Home Announces the Retirement of Nancy Piasecki<\/title>\n<meta name=\"robots\" content=\"index, follow, max-snippet:-1, max-image-preview:large, max-video-preview:-1\" \/>\n<link rel=\"canonical\" href=\"https:\/\/www.kenoshafuneralhome.com\/es\/2024\/05\/26\/funeraria-piasecki-anuncia-la-jubilacion-de-nancy-piasecki\/\" \/>\n<meta property=\"og:locale\" content=\"es_MX\" \/>\n<meta property=\"og:type\" content=\"article\" \/>\n<meta property=\"og:title\" content=\"Piasecki Funeral Home Announces the Retirement of Nancy Piasecki\" \/>\n<meta property=\"og:description\" content=\"After a distinguished and heartfelt career spanning nearly seven decades, Nancy Piasecki has decided to retire from her role at the Piasecki Funeral Home, a beacon of comfort and service in our community since 1931.\" \/>\n<meta property=\"og:url\" content=\"https:\/\/www.kenoshafuneralhome.com\/es\/2024\/05\/26\/funeraria-piasecki-anuncia-la-jubilacion-de-nancy-piasecki\/\" \/>\n<meta property=\"og:site_name\" content=\"Piasecki Funeral Home\" \/>\n<meta property=\"article:publisher\" content=\"https:\/\/www.facebook.com\/PAFuneralHome\/?fref=ts\" \/>\n<meta property=\"article:published_time\" content=\"2024-05-26T10:00:34+00:00\" \/>\n<meta property=\"og:image\" content=\"https:\/\/www.kenoshafuneralhome.com\/wp-content\/uploads\/2024\/05\/Nancy-Retirement-Yoast-052124a-1024x536.png\" \/>\n\t<meta property=\"og:image:width\" content=\"1024\" \/>\n\t<meta property=\"og:image:height\" content=\"536\" \/>\n\t<meta property=\"og:image:type\" content=\"image\/png\" \/>\n<meta name=\"author\" content=\"Piasecki Funeral Home\" \/>\n<meta name=\"twitter:label1\" content=\"Escrito por\" \/>\n\t<meta name=\"twitter:data1\" content=\"Piasecki Funeral Home\" \/>\n\t<meta name=\"twitter:label2\" content=\"Tiempo de lectura\" \/>\n\t<meta name=\"twitter:data2\" content=\"9 minutos\" \/>\n<script type=\"application\/ld+json\" class=\"yoast-schema-graph\">{\"@context\":\"https:\/\/schema.org\",\"@graph\":[{\"@type\":\"Article\",\"@id\":\"https:\/\/www.kenoshafuneralhome.com\/2024\/05\/26\/piasecki-funeral-home-announces-the-retirement-of-nancy-piasecki\/#article\",\"isPartOf\":{\"@id\":\"https:\/\/www.kenoshafuneralhome.com\/2024\/05\/26\/piasecki-funeral-home-announces-the-retirement-of-nancy-piasecki\/\"},\"author\":{\"name\":\"Piasecki Funeral Home\",\"@id\":\"https:\/\/www.kenoshafuneralhome.com\/#\/schema\/person\/644d1e57f3e9258a945a3234a212e78f\"},\"headline\":\"Piasecki Funeral Home Announces the Retirement of Nancy Piasecki\",\"datePublished\":\"2024-05-26T10:00:34+00:00\",\"mainEntityOfPage\":{\"@id\":\"https:\/\/www.kenoshafuneralhome.com\/2024\/05\/26\/piasecki-funeral-home-announces-the-retirement-of-nancy-piasecki\/\"},\"wordCount\":4506,\"publisher\":{\"@id\":\"https:\/\/www.kenoshafuneralhome.com\/#organization\"},\"image\":{\"@id\":\"https:\/\/www.kenoshafuneralhome.com\/2024\/05\/26\/piasecki-funeral-home-announces-the-retirement-of-nancy-piasecki\/#primaryimage\"},\"thumbnailUrl\":\"https:\/\/www.kenoshafuneralhome.com\/wp-content\/uploads\/2024\/05\/Nancy-Retirement-Featured-052124-2.png\",\"articleSection\":[\"No Ron\"],\"inLanguage\":\"es\"},{\"@type\":\"WebPage\",\"@id\":\"https:\/\/www.kenoshafuneralhome.com\/2024\/05\/26\/piasecki-funeral-home-announces-the-retirement-of-nancy-piasecki\/\",\"url\":\"https:\/\/www.kenoshafuneralhome.com\/2024\/05\/26\/piasecki-funeral-home-announces-the-retirement-of-nancy-piasecki\/\",\"name\":\"Piasecki Funeral Home Announces the Retirement of Nancy Piasecki\",\"isPartOf\":{\"@id\":\"https:\/\/www.kenoshafuneralhome.com\/#website\"},\"primaryImageOfPage\":{\"@id\":\"https:\/\/www.kenoshafuneralhome.com\/2024\/05\/26\/piasecki-funeral-home-announces-the-retirement-of-nancy-piasecki\/#primaryimage\"},\"image\":{\"@id\":\"https:\/\/www.kenoshafuneralhome.com\/2024\/05\/26\/piasecki-funeral-home-announces-the-retirement-of-nancy-piasecki\/#primaryimage\"},\"thumbnailUrl\":\"https:\/\/www.kenoshafuneralhome.com\/wp-content\/uploads\/2024\/05\/Nancy-Retirement-Featured-052124-2.png\",\"datePublished\":\"2024-05-26T10:00:34+00:00\",\"breadcrumb\":{\"@id\":\"https:\/\/www.kenoshafuneralhome.com\/2024\/05\/26\/piasecki-funeral-home-announces-the-retirement-of-nancy-piasecki\/#breadcrumb\"},\"inLanguage\":\"es\",\"potentialAction\":[{\"@type\":\"ReadAction\",\"target\":[\"https:\/\/www.kenoshafuneralhome.com\/2024\/05\/26\/piasecki-funeral-home-announces-the-retirement-of-nancy-piasecki\/\"]}]},{\"@type\":\"ImageObject\",\"inLanguage\":\"es\",\"@id\":\"https:\/\/www.kenoshafuneralhome.com\/2024\/05\/26\/piasecki-funeral-home-announces-the-retirement-of-nancy-piasecki\/#primaryimage\",\"url\":\"https:\/\/www.kenoshafuneralhome.com\/wp-content\/uploads\/2024\/05\/Nancy-Retirement-Featured-052124-2.png\",\"contentUrl\":\"https:\/\/www.kenoshafuneralhome.com\/wp-content\/uploads\/2024\/05\/Nancy-Retirement-Featured-052124-2.png\",\"width\":2400,\"height\":1049,\"caption\":\"Nancy Retirement Featured 052124 2\"},{\"@type\":\"BreadcrumbList\",\"@id\":\"https:\/\/www.kenoshafuneralhome.com\/2024\/05\/26\/piasecki-funeral-home-announces-the-retirement-of-nancy-piasecki\/#breadcrumb\",\"itemListElement\":[{\"@type\":\"ListItem\",\"position\":1,\"name\":\"Home\",\"item\":\"https:\/\/www.kenoshafuneralhome.com\/\"},{\"@type\":\"ListItem\",\"position\":2,\"name\":\"Piasecki Funeral Home Announces the Retirement of Nancy Piasecki\"}]},{\"@type\":\"WebSite\",\"@id\":\"https:\/\/www.kenoshafuneralhome.com\/#website\",\"url\":\"https:\/\/www.kenoshafuneralhome.com\/\",\"name\":\"Piasecki Funeral Home\",\"description\":\"Honoring Legacies Since 1929\",\"publisher\":{\"@id\":\"https:\/\/www.kenoshafuneralhome.com\/#organization\"},\"potentialAction\":[{\"@type\":\"SearchAction\",\"target\":{\"@type\":\"EntryPoint\",\"urlTemplate\":\"https:\/\/www.kenoshafuneralhome.com\/?s={search_term_string}\"},\"query-input\":{\"@type\":\"PropertyValueSpecification\",\"valueRequired\":true,\"valueName\":\"search_term_string\"}}],\"inLanguage\":\"es\"},{\"@type\":\"Organization\",\"@id\":\"https:\/\/www.kenoshafuneralhome.com\/#organization\",\"name\":\"Piasecki Funeral Home\",\"url\":\"https:\/\/www.kenoshafuneralhome.com\/\",\"logo\":{\"@type\":\"ImageObject\",\"inLanguage\":\"es\",\"@id\":\"https:\/\/www.kenoshafuneralhome.com\/#\/schema\/logo\/image\/\",\"url\":\"https:\/\/www.kenoshafuneralhome.com\/wp-content\/uploads\/2022\/01\/90th-Banner-1-jpg.webp\",\"contentUrl\":\"https:\/\/www.kenoshafuneralhome.com\/wp-content\/uploads\/2022\/01\/90th-Banner-1-jpg.webp\",\"width\":1000,\"height\":616,\"caption\":\"Piasecki Funeral Home\"},\"image\":{\"@id\":\"https:\/\/www.kenoshafuneralhome.com\/#\/schema\/logo\/image\/\"},\"sameAs\":[\"https:\/\/www.facebook.com\/PAFuneralHome\/?fref=ts\",\"https:\/\/www.linkedin.com\/company\/piasecki-althaus-funeral-home-&amp;amp;-cremation-services\/\"]},{\"@type\":\"Person\",\"@id\":\"https:\/\/www.kenoshafuneralhome.com\/#\/schema\/person\/644d1e57f3e9258a945a3234a212e78f\",\"name\":\"Piasecki Funeral Home\",\"image\":{\"@type\":\"ImageObject\",\"inLanguage\":\"es\",\"@id\":\"https:\/\/secure.gravatar.com\/avatar\/280f536d1be8061fdfaca7c1c1ffae3440f719346af1b8a72502d7a9f54324b4?s=96&d=mm&r=g\",\"url\":\"https:\/\/secure.gravatar.com\/avatar\/280f536d1be8061fdfaca7c1c1ffae3440f719346af1b8a72502d7a9f54324b4?s=96&d=mm&r=g\",\"contentUrl\":\"https:\/\/secure.gravatar.com\/avatar\/280f536d1be8061fdfaca7c1c1ffae3440f719346af1b8a72502d7a9f54324b4?s=96&d=mm&r=g\",\"caption\":\"Piasecki Funeral Home\"}}]}<\/script>\n<!-- \/ Yoast SEO plugin. -->","yoast_head_json":{"title":"Funeraria Piasecki anuncia la jubilaci\u00f3n de Nancy Piasecki","robots":{"index":"index","follow":"follow","max-snippet":"max-snippet:-1","max-image-preview":"max-image-preview:large","max-video-preview":"max-video-preview:-1"},"canonical":"https:\/\/www.kenoshafuneralhome.com\/es\/2024\/05\/26\/funeraria-piasecki-anuncia-la-jubilacion-de-nancy-piasecki\/","og_locale":"es_MX","og_type":"article","og_title":"Piasecki Funeral Home Announces the Retirement of Nancy Piasecki","og_description":"After a distinguished and heartfelt career spanning nearly seven decades, Nancy Piasecki has decided to retire from her role at the Piasecki Funeral Home, a beacon of comfort and service in our community since 1931.","og_url":"https:\/\/www.kenoshafuneralhome.com\/es\/2024\/05\/26\/funeraria-piasecki-anuncia-la-jubilacion-de-nancy-piasecki\/","og_site_name":"Piasecki Funeral Home","article_publisher":"https:\/\/www.facebook.com\/PAFuneralHome\/?fref=ts","article_published_time":"2024-05-26T10:00:34+00:00","og_image":[{"width":1024,"height":536,"url":"https:\/\/www.kenoshafuneralhome.com\/wp-content\/uploads\/2024\/05\/Nancy-Retirement-Yoast-052124a-1024x536.png","type":"image\/png"}],"author":"Piasecki Funeral Home","twitter_misc":{"Escrito por":"Piasecki Funeral Home","Tiempo de lectura":"9 minutos"},"schema":{"@context":"https:\/\/schema.org","@graph":[{"@type":"Article","@id":"https:\/\/www.kenoshafuneralhome.com\/2024\/05\/26\/piasecki-funeral-home-announces-the-retirement-of-nancy-piasecki\/#article","isPartOf":{"@id":"https:\/\/www.kenoshafuneralhome.com\/2024\/05\/26\/piasecki-funeral-home-announces-the-retirement-of-nancy-piasecki\/"},"author":{"name":"Piasecki Funeral Home","@id":"https:\/\/www.kenoshafuneralhome.com\/#\/schema\/person\/644d1e57f3e9258a945a3234a212e78f"},"headline":"Piasecki Funeral Home Announces the Retirement of Nancy Piasecki","datePublished":"2024-05-26T10:00:34+00:00","mainEntityOfPage":{"@id":"https:\/\/www.kenoshafuneralhome.com\/2024\/05\/26\/piasecki-funeral-home-announces-the-retirement-of-nancy-piasecki\/"},"wordCount":4506,"publisher":{"@id":"https:\/\/www.kenoshafuneralhome.com\/#organization"},"image":{"@id":"https:\/\/www.kenoshafuneralhome.com\/2024\/05\/26\/piasecki-funeral-home-announces-the-retirement-of-nancy-piasecki\/#primaryimage"},"thumbnailUrl":"https:\/\/www.kenoshafuneralhome.com\/wp-content\/uploads\/2024\/05\/Nancy-Retirement-Featured-052124-2.png","articleSection":["No Ron"],"inLanguage":"es"},{"@type":"WebPage","@id":"https:\/\/www.kenoshafuneralhome.com\/2024\/05\/26\/piasecki-funeral-home-announces-the-retirement-of-nancy-piasecki\/","url":"https:\/\/www.kenoshafuneralhome.com\/2024\/05\/26\/piasecki-funeral-home-announces-the-retirement-of-nancy-piasecki\/","name":"Funeraria Piasecki anuncia la jubilaci\u00f3n de Nancy Piasecki","isPartOf":{"@id":"https:\/\/www.kenoshafuneralhome.com\/#website"},"primaryImageOfPage":{"@id":"https:\/\/www.kenoshafuneralhome.com\/2024\/05\/26\/piasecki-funeral-home-announces-the-retirement-of-nancy-piasecki\/#primaryimage"},"image":{"@id":"https:\/\/www.kenoshafuneralhome.com\/2024\/05\/26\/piasecki-funeral-home-announces-the-retirement-of-nancy-piasecki\/#primaryimage"},"thumbnailUrl":"https:\/\/www.kenoshafuneralhome.com\/wp-content\/uploads\/2024\/05\/Nancy-Retirement-Featured-052124-2.png","datePublished":"2024-05-26T10:00:34+00:00","breadcrumb":{"@id":"https:\/\/www.kenoshafuneralhome.com\/2024\/05\/26\/piasecki-funeral-home-announces-the-retirement-of-nancy-piasecki\/#breadcrumb"},"inLanguage":"es","potentialAction":[{"@type":"ReadAction","target":["https:\/\/www.kenoshafuneralhome.com\/2024\/05\/26\/piasecki-funeral-home-announces-the-retirement-of-nancy-piasecki\/"]}]},{"@type":"ImageObject","inLanguage":"es","@id":"https:\/\/www.kenoshafuneralhome.com\/2024\/05\/26\/piasecki-funeral-home-announces-the-retirement-of-nancy-piasecki\/#primaryimage","url":"https:\/\/www.kenoshafuneralhome.com\/wp-content\/uploads\/2024\/05\/Nancy-Retirement-Featured-052124-2.png","contentUrl":"https:\/\/www.kenoshafuneralhome.com\/wp-content\/uploads\/2024\/05\/Nancy-Retirement-Featured-052124-2.png","width":2400,"height":1049,"caption":"Nancy Retirement Featured 052124 2"},{"@type":"BreadcrumbList","@id":"https:\/\/www.kenoshafuneralhome.com\/2024\/05\/26\/piasecki-funeral-home-announces-the-retirement-of-nancy-piasecki\/#breadcrumb","itemListElement":[{"@type":"ListItem","position":1,"name":"Home","item":"https:\/\/www.kenoshafuneralhome.com\/"},{"@type":"ListItem","position":2,"name":"Piasecki Funeral Home Announces the Retirement of Nancy Piasecki"}]},{"@type":"WebSite","@id":"https:\/\/www.kenoshafuneralhome.com\/#website","url":"https:\/\/www.kenoshafuneralhome.com\/","name":"Funeraria Piasecki","description":"Honrando legados desde 1929","publisher":{"@id":"https:\/\/www.kenoshafuneralhome.com\/#organization"},"potentialAction":[{"@type":"SearchAction","target":{"@type":"EntryPoint","urlTemplate":"https:\/\/www.kenoshafuneralhome.com\/?s={search_term_string}"},"query-input":{"@type":"PropertyValueSpecification","valueRequired":true,"valueName":"search_term_string"}}],"inLanguage":"es"},{"@type":"Organization","@id":"https:\/\/www.kenoshafuneralhome.com\/#organization","name":"Funeraria Piasecki","url":"https:\/\/www.kenoshafuneralhome.com\/","logo":{"@type":"ImageObject","inLanguage":"es","@id":"https:\/\/www.kenoshafuneralhome.com\/#\/schema\/logo\/image\/","url":"https:\/\/www.kenoshafuneralhome.com\/wp-content\/uploads\/2022\/01\/90th-Banner-1-jpg.webp","contentUrl":"https:\/\/www.kenoshafuneralhome.com\/wp-content\/uploads\/2022\/01\/90th-Banner-1-jpg.webp","width":1000,"height":616,"caption":"Piasecki Funeral Home"},"image":{"@id":"https:\/\/www.kenoshafuneralhome.com\/#\/schema\/logo\/image\/"},"sameAs":["https:\/\/www.facebook.com\/PAFuneralHome\/?fref=ts","https:\/\/www.linkedin.com\/company\/piasecki-althaus-funeral-home-&amp;amp;-cremation-services\/"]},{"@type":"Person","@id":"https:\/\/www.kenoshafuneralhome.com\/#\/schema\/person\/644d1e57f3e9258a945a3234a212e78f","name":"Funeraria Piasecki","image":{"@type":"ImageObject","inLanguage":"es","@id":"https:\/\/secure.gravatar.com\/avatar\/280f536d1be8061fdfaca7c1c1ffae3440f719346af1b8a72502d7a9f54324b4?s=96&d=mm&r=g","url":"https:\/\/secure.gravatar.com\/avatar\/280f536d1be8061fdfaca7c1c1ffae3440f719346af1b8a72502d7a9f54324b4?s=96&d=mm&r=g","contentUrl":"https:\/\/secure.gravatar.com\/avatar\/280f536d1be8061fdfaca7c1c1ffae3440f719346af1b8a72502d7a9f54324b4?s=96&d=mm&r=g","caption":"Piasecki Funeral Home"}}]}},"_links":{"self":[{"href":"https:\/\/www.kenoshafuneralhome.com\/es\/wp-json\/wp\/v2\/posts\/7382","targetHints":{"allow":["GET"]}}],"collection":[{"href":"https:\/\/www.kenoshafuneralhome.com\/es\/wp-json\/wp\/v2\/posts"}],"about":[{"href":"https:\/\/www.kenoshafuneralhome.com\/es\/wp-json\/wp\/v2\/types\/post"}],"author":[{"embeddable":true,"href":"https:\/\/www.kenoshafuneralhome.com\/es\/wp-json\/wp\/v2\/users\/9"}],"replies":[{"embeddable":true,"href":"https:\/\/www.kenoshafuneralhome.com\/es\/wp-json\/wp\/v2\/comments?post=7382"}],"version-history":[{"count":15,"href":"https:\/\/www.kenoshafuneralhome.com\/es\/wp-json\/wp\/v2\/posts\/7382\/revisions"}],"predecessor-version":[{"id":7565,"href":"https:\/\/www.kenoshafuneralhome.com\/es\/wp-json\/wp\/v2\/posts\/7382\/revisions\/7565"}],"wp:featuredmedia":[{"embeddable":true,"href":"https:\/\/www.kenoshafuneralhome.com\/es\/wp-json\/wp\/v2\/media\/7391"}],"wp:attachment":[{"href":"https:\/\/www.kenoshafuneralhome.com\/es\/wp-json\/wp\/v2\/media?parent=7382"}],"wp:term":[{"taxonomy":"category","embeddable":true,"href":"https:\/\/www.kenoshafuneralhome.com\/es\/wp-json\/wp\/v2\/categories?post=7382"},{"taxonomy":"post_tag","embeddable":true,"href":"https:\/\/www.kenoshafuneralhome.com\/es\/wp-json\/wp\/v2\/tags?post=7382"}],"curies":[{"name":"wp","href":"https:\/\/api.w.org\/{rel}","templated":true}]}}